{"id":566,"date":"2013-08-18T20:27:21","date_gmt":"2013-08-18T20:27:21","guid":{"rendered":"http:\/\/simplexportal.ro\/tehetseg.ro\/?p=566"},"modified":"2015-04-15T13:01:58","modified_gmt":"2015-04-15T13:01:58","slug":"fiatal-neprajzkutatok-x-szeminariuma","status":"publish","type":"post","link":"https:\/\/simplexportal.ro\/tehetseg.ro\/?p=566","title":{"rendered":"Fiatal N\u00e9prajzkutat\u00f3k X. Szemin\u00e1riuma"},"content":{"rendered":"<p>A Babe\u015f-Bolyai Tudom\u00e1nyegyetem Magyar N\u00e9prajz \u00e9s Antropol\u00f3gia Int\u00e9zete a zabolai Cs\u00e1ng\u00f3 N\u00e9prajzi M\u00fazeumban augusztus 4-14. k\u00f6z\u00f6tt szervezte meg a Fiatal N\u00e9prajzkutat\u00f3k X. Szemin\u00e1rium\u00e1t. A rendezv\u00e9ny alapvet\u0151 c\u00e9lja az volt, hogy bevezesse a fiatal n\u00e9prajzkutat\u00f3-jel\u00f6lteket a terepmunk\u00e1ba, a m\u00fazeumi \u00e9s a tudom\u00e1nyos kutat\u00e1sokba.<br \/>\nA szemin\u00e1riumon 18 fiatal n\u00e9prajzos egyetemista vett r\u00e9szt. Szakmai gyakorlatk\u00e9nt belelt\u00e1rozt\u00e1k, le\u00edrt\u00e1k \u00e9s lef\u00e9nyk\u00e9pezt\u00e9k a zabolai Cs\u00e1ng\u00f3 N\u00e9prajzi M\u00fazeum leg\u00fajabb t\u00e1rgyait. \u00daj id\u0151szakos, tematikus ki\u00e1ll\u00edt\u00e1st k\u00e9sz\u00edtettek el\u0151 Demes Botond tr\u00f3fe\u00e1ib\u00f3l, valamint a cs\u00e1ng\u00f3 m\u00fazeum gy\u0171jtem\u00e9ny\u00e9b\u0151l, amit augusztus 10-\u00e9n meg is nyitottak <em>N\u00e9pi vad\u00e1szat \u00e9s vadfog\u00e1s Zabol\u00e1n<\/em> c\u00edmmel.<br \/>\nEbben az \u00e9vben a terepmunka sor\u00e1n els\u0151sorban a n\u00e9pi vad\u00e1szattal kapcsolatos fot\u00f3kat \u00e9s t\u00e1rgyakat gy\u0171jt\u00f6tt\u00e9k, dokument\u00e1lt\u00e1k \u00e9s \u00edrt\u00e1k le. Interj\u00fakat k\u00e9sz\u00edtettek az egykori vad\u00e1sz-fam\u00edli\u00e1k tagjaival. Azokat gondosan sz\u00e1m\u00edt\u00f3g\u00e9pbe olvast\u00e1k, majd le\u00edrt\u00e1k az interj\u00fakat, fot\u00f3essz\u00e9ket k\u00e9sz\u00edtettek az illet\u0151 csal\u00e1dhoz tartoz\u00f3 szem\u00e9lyekkel.<br \/>\nEgy szakmai kir\u00e1ndul\u00e1s keret\u00e9ben, a r\u00e9sztvev\u0151k megismerkedtek Pusztina, Kl\u00e9zse, Somoska, Forr\u00f3falva, Nagypatak cs\u00e1ng\u00f3 hagyom\u00e1nyaival, \u00e9p\u00edtett \u00f6r\u00f6ks\u00e9g\u00e9vel \u00e9s n\u00e9pm\u0171v\u00e9szet\u00e9vel, ugyanakkor m\u0171eml\u00e9keket \u00e9s t\u00e1jh\u00e1zakat is megl\u00e1togattak.<br \/>\nAugusztus 7-\u00e9n tudom\u00e1nyos \u00e9s m\u00f3dszertani el\u0151ad\u00e1st tartott: Nagy Botond (\u00c1llami Lev\u00e9lt\u00e1r, Sepsiszentgy\u00f6rgy), dr. Kinda Istv\u00e1n (Sz\u00e9kely Nemzeti M\u00fazeum, Sepsiszentgy\u00f6rgy), dr. Sz\u0151csn\u00e9 Gazda Enik\u0151 (Sz\u00e9kely Nemzeti M\u00fazeum, Sepsiszentgy\u00f6rgy), dr. Taras Silviu (BBTE, Kolozsv\u00e1r), dr. Pozsony Ferenc (BBTE, Kolozsv\u00e1r), Korzenszky Tam\u00e1s (ELTE, Budapest), Orza Calin (H\u00e1romsz\u00e9k N\u00e9pt\u00e1ncegy\u00fcttes, Sepsiszentgy\u00f6rgy).<br \/>\nA fiatalok Sebesty\u00e9n Istv\u00e1n \u00e9p\u00edt\u00e9szm\u00e9rn\u00f6k vezet\u00e9s\u00e9vel h\u00e1rom telket \u00e9s az azokon tal\u00e1lhat\u00f3 \u00e9p\u00fcleteket (h\u00e1zakat, gabon\u00e1sokat, ist\u00e1ll\u00f3kat \u00e9s cs\u0171r\u00f6ket) m\u00e9rtek fel.<\/p>\n<p>A rendezv\u00e9ny programja megtekinthet\u0151 <a href=\"https:\/\/simplexportal.ro\/tehetseg.ro\/vegyes\/program_zabola.pdf\">itt<\/a>.<\/p>\n<p>A tev\u00e9kenys\u00e9g az Erd\u00e9lyi Tehets\u00e9gseg\u00edt\u0151 Tan\u00e1cs (ETT) 2013-as <em>A siker \u00fatjai: ny\u00e1ri tehets\u00e9ggondoz\u00e1si programok Erd\u00e9lyben<\/em>\u00a0c\u00edm\u0171 programj\u00e1nak r\u00e9szek\u00e9nt, a Nemzeti Tehets\u00e9g Program NTP-TPEM-M-MPA-12 p\u00e1ly\u00e1zat\u00e1nak t\u00e1mogat\u00e1s\u00e1val zajlott.<\/p>\n","protected":false},"excerpt":{"rendered":"<p> <a class=\"continue-reading-link\" href=\"https:\/\/simplexportal.ro\/tehetseg.ro\/?p=566\">Tartalomhoz&#8230; <span class=\"meta-nav\">&rarr; <\/span><\/a><\/p>\n","protected":false},"author":1,"featured_media":568,"comment_status":"open","ping_status":"open","sticky":false,"template":"","format":"standard","meta":{"footnotes":""},"categories":[18,16,9,24],"tags":[],"class_list":["post-566","post","type-post","status-publish","format-standard","has-post-thumbnail","hentry","category-2011-tevekenyseg","category-2013-tevekenyseg","category-tehetsegapolo-tevekenysegek","category-tevekenysegek"],"_links":{"self":[{"href":"https:\/\/simplexportal.ro\/tehetseg.ro\/index.php?rest_route=\/wp\/v2\/posts\/566","targetHints":{"allow":["GET"]}}],"collection":[{"href":"https:\/\/simplexportal.ro\/tehetseg.ro\/index.php?rest_route=\/wp\/v2\/posts"}],"about":[{"href":"https:\/\/simplexportal.ro\/tehetseg.ro\/index.php?rest_route=\/wp\/v2\/types\/post"}],"author":[{"embeddable":true,"href":"https:\/\/simplexportal.ro\/tehetseg.ro\/index.php?rest_route=\/wp\/v2\/users\/1"}],"replies":[{"embeddable":true,"href":"https:\/\/simplexportal.ro\/tehetseg.ro\/index.php?rest_route=%2Fwp%2Fv2%2Fcomments&post=566"}],"version-history":[{"count":4,"href":"https:\/\/simplexportal.ro\/tehetseg.ro\/index.php?rest_route=\/wp\/v2\/posts\/566\/revisions"}],"predecessor-version":[{"id":922,"href":"https:\/\/simplexportal.ro\/tehetseg.ro\/index.php?rest_route=\/wp\/v2\/posts\/566\/revisions\/922"}],"wp:featuredmedia":[{"embeddable":true,"href":"https:\/\/simplexportal.ro\/tehetseg.ro\/index.php?rest_route=\/wp\/v2\/media\/568"}],"wp:attachment":[{"href":"https:\/\/simplexportal.ro\/tehetseg.ro\/index.php?rest_route=%2Fwp%2Fv2%2Fmedia&parent=566"}],"wp:term":[{"taxonomy":"category","embeddable":true,"href":"https:\/\/simplexportal.ro\/tehetseg.ro\/index.php?rest_route=%2Fwp%2Fv2%2Fcategories&post=566"},{"taxonomy":"post_tag","embeddable":true,"href":"https:\/\/simplexportal.ro\/tehetseg.ro\/index.php?rest_route=%2Fwp%2Fv2%2Ftags&post=566"}],"curies":[{"name":"wp","href":"https:\/\/api.w.org\/{rel}","templated":true}]}}