{"id":2462,"date":"2020-12-25T07:49:07","date_gmt":"2020-12-25T07:49:07","guid":{"rendered":"http:\/\/simplexportal.ro\/tehetseg.ro\/?p=2462"},"modified":"2020-12-31T07:50:11","modified_gmt":"2020-12-31T07:50:11","slug":"peldakepeink-zsombori-gabriella","status":"publish","type":"post","link":"https:\/\/simplexportal.ro\/tehetseg.ro\/?p=2462","title":{"rendered":"P\u00e9ldak\u00e9peink \u2013 Zsombori Gabriella"},"content":{"rendered":"<p>Az\u00a0<strong>NTP-TFV-19-0049<\/strong>\u00a0k\u00f3dsz\u00e1m\u00fa p\u00e1ly\u00e1zat\u00a0<em>(Erd\u00e9lyi tehets\u00e9ges fiatalok t\u00e1rsadalmi felel\u0151ss\u00e9gv\u00e1llal\u00e1s\u00e1nak er\u0151s\u00edt\u00e9se az ETT programjai keret\u00e9ben)<\/em>\u00a0lehet\u0151s\u00e9get biztos\u00edtott egy interj\u00fasorozat elk\u00e9sz\u00edt\u00e9s\u00e9re olyan di\u00e1kokkal, fiatal tan\u00e1rokkal, koll\u00e9g\u00e1kkal, akik az Erd\u00e9lyi Tehets\u00e9gseg\u00edt\u0151 Tan\u00e1cs kor\u00e1bbi programjait t\u00e1mogatt\u00e1k, illetve akt\u00edvan r\u00e9szt vettek\/ r\u00e9szt vesznek\u00a0a tehets\u00e9g\u00e1pol\u00e1sban.<\/p>\n<p><strong>Zsombori Gabriella<\/strong> a M\u00e1rton \u00c1ron F\u0151gimn\u00e1ziumban, illetve a Cs\u00edkszeredai Waldorf iskol\u00e1ban tan\u00edt matematik\u00e1t. T\u00f6bb izgalmas tananyag, illetve a <em><a href=\"http:\/\/www.cs.ubbcluj.ro\/ki-lakik-a-csellista-szomszedjaban\/\">Ki lakik a csellista szomsz\u00e9dj\u00e1ban<\/a>?<\/em> k\u00f6nyv szerz\u0151je. Az ETT t\u00f6bb programj\u00e1nak a kivitelez\u00e9s\u00e9ben vett r\u00e9szt szervez\u0151k\u00e9nt, illetve a tev\u00e9kenys\u00e9gek ir\u00e1ny\u00edt\u00f3jak\u00e9nt.<\/p>\n<div style=\"text-align: center; margin: 16px 0;\"><iframe loading=\"lazy\" src=\"https:\/\/www.youtube.com\/embed\/DJXWz8IXZSA\" height=\"480\" width=\"640\" allowfullscreen=\"allowfullscreen\" frameborder=\"0\"><\/iframe><\/div>\n<hr \/>\n<p style=\"font-size: 90%;\" align=\"center\">Az <em>Erd\u00e9lyi tehets\u00e9ges fiatalok t\u00e1rsadalmi felel\u0151ss\u00e9gv\u00e1llal\u00e1s\u00e1nak er\u0151s\u00edt\u00e9se az ETT programjai keret\u00e9ben <\/em>elnevez\u00e9s\u0171 projekt tev\u00e9kenys\u00e9gei a Nemzeti Tehets\u00e9g Program\u00a0<strong>NTP-TFV-19-0049<\/strong> k\u00f3dsz\u00e1m\u00fa p\u00e1ly\u00e1zat\u00e1nak t\u00e1mogat\u00e1s\u00e1val val\u00f3sultak meg. A p\u00e1ly\u00e1zatot az\u00a0Emberi Er\u0151forr\u00e1sok Miniszt\u00e9riuma megb\u00edz\u00e1s\u00e1b\u00f3l az Emberi Er\u0151forr\u00e1s T\u00e1mogat\u00e1skezel\u0151\u00a0hirdette meg.<\/p>\n<div style=\"text-align: center;\"><img decoding=\"async\" style=\"border: none; vertical-align: middle;\" alt=\"\" src=\"https:\/\/www.cs.ubbcluj.ro\/wp-content\/uploads\/ETT-logo-150x150.jpg\" width=\"100\" \/><img decoding=\"async\" style=\"border: none; vertical-align: middle;\" alt=\"\" src=\"https:\/\/www.cs.ubbcluj.ro\/wp-content\/uploads\/EMMI-logo-150x150.jpg\" width=\"100\" \/><img decoding=\"async\" style=\"border: none; vertical-align: middle;\" alt=\"\" src=\"https:\/\/www.cs.ubbcluj.ro\/wp-content\/uploads\/EET-logo-150x150.jpg\" width=\"100\" \/><\/div>\n","protected":false},"excerpt":{"rendered":"<p> <a class=\"continue-reading-link\" href=\"https:\/\/simplexportal.ro\/tehetseg.ro\/?p=2462\">Tartalomhoz&#8230; <span class=\"meta-nav\">&rarr; <\/span><\/a><\/p>\n","protected":false},"author":4,"featured_media":2463,"comment_status":"closed","ping_status":"closed","sticky":false,"template":"","format":"standard","meta":{"footnotes":""},"categories":[43,9,24],"tags":[],"class_list":["post-2462","post","type-post","status-publish","format-standard","has-post-thumbnail","hentry","category-2020-tevekenyseg","category-tehetsegapolo-tevekenysegek","category-tevekenysegek"],"_links":{"self":[{"href":"https:\/\/simplexportal.ro\/tehetseg.ro\/index.php?rest_route=\/wp\/v2\/posts\/2462","targetHints":{"allow":["GET"]}}],"collection":[{"href":"https:\/\/simplexportal.ro\/tehetseg.ro\/index.php?rest_route=\/wp\/v2\/posts"}],"about":[{"href":"https:\/\/simplexportal.ro\/tehetseg.ro\/index.php?rest_route=\/wp\/v2\/types\/post"}],"author":[{"embeddable":true,"href":"https:\/\/simplexportal.ro\/tehetseg.ro\/index.php?rest_route=\/wp\/v2\/users\/4"}],"replies":[{"embeddable":true,"href":"https:\/\/simplexportal.ro\/tehetseg.ro\/index.php?rest_route=%2Fwp%2Fv2%2Fcomments&post=2462"}],"version-history":[{"count":1,"href":"https:\/\/simplexportal.ro\/tehetseg.ro\/index.php?rest_route=\/wp\/v2\/posts\/2462\/revisions"}],"predecessor-version":[{"id":2464,"href":"https:\/\/simplexportal.ro\/tehetseg.ro\/index.php?rest_route=\/wp\/v2\/posts\/2462\/revisions\/2464"}],"wp:featuredmedia":[{"embeddable":true,"href":"https:\/\/simplexportal.ro\/tehetseg.ro\/index.php?rest_route=\/wp\/v2\/media\/2463"}],"wp:attachment":[{"href":"https:\/\/simplexportal.ro\/tehetseg.ro\/index.php?rest_route=%2Fwp%2Fv2%2Fmedia&parent=2462"}],"wp:term":[{"taxonomy":"category","embeddable":true,"href":"https:\/\/simplexportal.ro\/tehetseg.ro\/index.php?rest_route=%2Fwp%2Fv2%2Fcategories&post=2462"},{"taxonomy":"post_tag","embeddable":true,"href":"https:\/\/simplexportal.ro\/tehetseg.ro\/index.php?rest_route=%2Fwp%2Fv2%2Ftags&post=2462"}],"curies":[{"name":"wp","href":"https:\/\/api.w.org\/{rel}","templated":true}]}}