{"id":2451,"date":"2020-12-19T07:35:21","date_gmt":"2020-12-19T07:35:21","guid":{"rendered":"http:\/\/simplexportal.ro\/tehetseg.ro\/?p=2451"},"modified":"2020-12-30T07:39:11","modified_gmt":"2020-12-30T07:39:11","slug":"peldakepeink-nagy-ors","status":"publish","type":"post","link":"https:\/\/simplexportal.ro\/tehetseg.ro\/?p=2451","title":{"rendered":"P\u00e9ldak\u00e9peink \u2013 Nagy \u00d6rs"},"content":{"rendered":"<p>Az\u00a0<strong>NTP-TFV-19-0049<\/strong>\u00a0k\u00f3dsz\u00e1m\u00fa p\u00e1ly\u00e1zat\u00a0<em>(Erd\u00e9lyi tehets\u00e9ges fiatalok t\u00e1rsadalmi felel\u0151ss\u00e9gv\u00e1llal\u00e1s\u00e1nak er\u0151s\u00edt\u00e9se az ETT programjai keret\u00e9ben)<\/em>\u00a0lehet\u0151s\u00e9get biztos\u00edtott egy interj\u00fasorozat elk\u00e9sz\u00edt\u00e9s\u00e9re olyan di\u00e1kokkal, fiatal tan\u00e1rokkal, koll\u00e9g\u00e1kkal, akik az Erd\u00e9lyi Tehets\u00e9gseg\u00edt\u0151 Tan\u00e1cs kor\u00e1bbi programjait t\u00e1mogatt\u00e1k, illetve akt\u00edvan r\u00e9szt vettek\/ r\u00e9szt vesznek\u00a0a tehets\u00e9g\u00e1pol\u00e1sban.<\/p>\n<p><strong>Nagy \u00d6rs<\/strong> Kolozsv\u00e1ron, a B\u00e1thory Istv\u00e1n Elm\u00e9leti L\u00edceumban tan\u00edt matematik\u00e1t, Szegeden doktor\u00e1lt matematikadidaktik\u00e1b\u00f3l. Akt\u00edvan bekapcsol\u00f3dik a tehets\u00e9g\u00e1pol\u00e1si tev\u00e9kenys\u00e9gekbe, a harmad\u00e9ves egyetemi hallgat\u00f3k szakmai gyakorlat\u00e1nak a koordin\u00e1tora, illetve a sz\u00e1m\u00edt\u00f3g\u00e9ppel t\u00e1mogatott oktat\u00e1s tant\u00e1rgyhoz is vezet gyakorlatokat a Babe\u0219\u2013Bolyai Tudom\u00e1nyegyetemen.<\/p>\n<div style=\"text-align: center; margin: 16px 0;\"><iframe loading=\"lazy\" src=\"https:\/\/www.youtube.com\/embed\/H8Zp7ZiI_N4\" height=\"480\" width=\"640\" allowfullscreen=\"allowfullscreen\" frameborder=\"0\"><\/iframe><\/div>\n<hr \/>\n<p style=\"font-size: 90%;\" align=\"center\">Az <em>Erd\u00e9lyi tehets\u00e9ges fiatalok t\u00e1rsadalmi felel\u0151ss\u00e9gv\u00e1llal\u00e1s\u00e1nak er\u0151s\u00edt\u00e9se az ETT programjai keret\u00e9ben <\/em>elnevez\u00e9s\u0171 projekt tev\u00e9kenys\u00e9gei a Nemzeti Tehets\u00e9g Program\u00a0<strong>NTP-TFV-19-0049<\/strong> k\u00f3dsz\u00e1m\u00fa p\u00e1ly\u00e1zat\u00e1nak t\u00e1mogat\u00e1s\u00e1val val\u00f3sultak meg. A p\u00e1ly\u00e1zatot az\u00a0Emberi Er\u0151forr\u00e1sok Miniszt\u00e9riuma megb\u00edz\u00e1s\u00e1b\u00f3l az Emberi Er\u0151forr\u00e1s T\u00e1mogat\u00e1skezel\u0151\u00a0hirdette meg.<\/p>\n<div style=\"text-align: center;\"><img decoding=\"async\" style=\"border: none; vertical-align: middle;\" alt=\"\" src=\"https:\/\/www.cs.ubbcluj.ro\/wp-content\/uploads\/ETT-logo-150x150.jpg\" width=\"100\" \/><img decoding=\"async\" style=\"border: none; vertical-align: middle;\" alt=\"\" src=\"https:\/\/www.cs.ubbcluj.ro\/wp-content\/uploads\/EMMI-logo-150x150.jpg\" width=\"100\" \/><img decoding=\"async\" style=\"border: none; vertical-align: middle;\" alt=\"\" src=\"https:\/\/www.cs.ubbcluj.ro\/wp-content\/uploads\/EET-logo-150x150.jpg\" width=\"100\" \/><\/div>\n","protected":false},"excerpt":{"rendered":"<p> <a class=\"continue-reading-link\" href=\"https:\/\/simplexportal.ro\/tehetseg.ro\/?p=2451\">Tartalomhoz&#8230; <span class=\"meta-nav\">&rarr; <\/span><\/a><\/p>\n","protected":false},"author":4,"featured_media":2453,"comment_status":"closed","ping_status":"closed","sticky":false,"template":"","format":"standard","meta":{"footnotes":""},"categories":[43,9,24],"tags":[],"class_list":["post-2451","post","type-post","status-publish","format-standard","has-post-thumbnail","hentry","category-2020-tevekenyseg","category-tehetsegapolo-tevekenysegek","category-tevekenysegek"],"_links":{"self":[{"href":"https:\/\/simplexportal.ro\/tehetseg.ro\/index.php?rest_route=\/wp\/v2\/posts\/2451","targetHints":{"allow":["GET"]}}],"collection":[{"href":"https:\/\/simplexportal.ro\/tehetseg.ro\/index.php?rest_route=\/wp\/v2\/posts"}],"about":[{"href":"https:\/\/simplexportal.ro\/tehetseg.ro\/index.php?rest_route=\/wp\/v2\/types\/post"}],"author":[{"embeddable":true,"href":"https:\/\/simplexportal.ro\/tehetseg.ro\/index.php?rest_route=\/wp\/v2\/users\/4"}],"replies":[{"embeddable":true,"href":"https:\/\/simplexportal.ro\/tehetseg.ro\/index.php?rest_route=%2Fwp%2Fv2%2Fcomments&post=2451"}],"version-history":[{"count":2,"href":"https:\/\/simplexportal.ro\/tehetseg.ro\/index.php?rest_route=\/wp\/v2\/posts\/2451\/revisions"}],"predecessor-version":[{"id":2454,"href":"https:\/\/simplexportal.ro\/tehetseg.ro\/index.php?rest_route=\/wp\/v2\/posts\/2451\/revisions\/2454"}],"wp:featuredmedia":[{"embeddable":true,"href":"https:\/\/simplexportal.ro\/tehetseg.ro\/index.php?rest_route=\/wp\/v2\/media\/2453"}],"wp:attachment":[{"href":"https:\/\/simplexportal.ro\/tehetseg.ro\/index.php?rest_route=%2Fwp%2Fv2%2Fmedia&parent=2451"}],"wp:term":[{"taxonomy":"category","embeddable":true,"href":"https:\/\/simplexportal.ro\/tehetseg.ro\/index.php?rest_route=%2Fwp%2Fv2%2Fcategories&post=2451"},{"taxonomy":"post_tag","embeddable":true,"href":"https:\/\/simplexportal.ro\/tehetseg.ro\/index.php?rest_route=%2Fwp%2Fv2%2Ftags&post=2451"}],"curies":[{"name":"wp","href":"https:\/\/api.w.org\/{rel}","templated":true}]}}