{"id":2447,"date":"2020-12-13T08:23:04","date_gmt":"2020-12-13T08:23:04","guid":{"rendered":"http:\/\/simplexportal.ro\/tehetseg.ro\/?p=2447"},"modified":"2020-12-29T13:23:28","modified_gmt":"2020-12-29T13:23:28","slug":"peldakepeink-ugron-szabolcs","status":"publish","type":"post","link":"https:\/\/simplexportal.ro\/tehetseg.ro\/?p=2447","title":{"rendered":"P\u00e9ldak\u00e9peink \u2013 Ugron Szabolcs"},"content":{"rendered":"<p>Az\u00a0<strong>NTP-TFV-19-0049<\/strong>\u00a0k\u00f3dsz\u00e1m\u00fa p\u00e1ly\u00e1zat\u00a0<em>(Erd\u00e9lyi tehets\u00e9ges fiatalok t\u00e1rsadalmi felel\u0151ss\u00e9gv\u00e1llal\u00e1s\u00e1nak er\u0151s\u00edt\u00e9se az ETT programjai keret\u00e9ben)<\/em>\u00a0lehet\u0151s\u00e9get biztos\u00edtott egy interj\u00fasorozat elk\u00e9sz\u00edt\u00e9s\u00e9re olyan di\u00e1kokkal, fiatal tan\u00e1rokkal, koll\u00e9g\u00e1kkal, akik az Erd\u00e9lyi Tehets\u00e9gseg\u00edt\u0151 Tan\u00e1cs kor\u00e1bbi programjait t\u00e1mogatt\u00e1k, illetve akt\u00edvan r\u00e9szt vettek\/ r\u00e9szt vesznek\u00a0a tehets\u00e9g\u00e1pol\u00e1sban.<\/p>\n<p><strong>Ugron Szabolcs<\/strong> Sepsiszetgy\u00f6rgy\u00f6n, a Sz\u00e9kely Mik\u00f3 F\u0151gimn\u00e1ziumban tan\u00edt matematik\u00e1t. Rendszeresen tart szakk\u00f6r\u00f6ket, k\u00fcl\u00f6n foglalkozik azokkal a di\u00e1kjaival, akik matematika szakra k\u00e9sz\u00fclnek. R\u00e9sz vesz a k\u00fcl\u00f6nb\u00f6z\u0151 versenyek lebonyol\u00edt\u00e1s\u00e1ban, k\u00e9pz\u00e9sekre j\u00e1r, az iskola di\u00e1kjait elk\u00eds\u00e9ri a k\u00fcl\u00f6nb\u00f6z\u0151 rendezv\u00e9nyekre, t\u00e1borokba, ahol \u0151 maga is tart foglalkoz\u00e1sokat. Az ETT programjainak lebonyol\u00edt\u00e1s\u00e1ba is bekapcsol\u00f3dott a mentorprogram szervez\u0151jek\u00e9nt.<\/p>\n<div style=\"text-align: center; margin: 16px 0;\"><iframe loading=\"lazy\" src=\"https:\/\/www.youtube.com\/embed\/5RgUbO7wQHA\" height=\"480\" width=\"640\" allowfullscreen=\"allowfullscreen\" frameborder=\"0\"><\/iframe><\/div>\n<hr \/>\n<p style=\"font-size: 90%;\" align=\"center\">Az <em>Erd\u00e9lyi tehets\u00e9ges fiatalok t\u00e1rsadalmi felel\u0151ss\u00e9gv\u00e1llal\u00e1s\u00e1nak er\u0151s\u00edt\u00e9se az ETT programjai keret\u00e9ben <\/em>elnevez\u00e9s\u0171 projekt tev\u00e9kenys\u00e9gei a Nemzeti Tehets\u00e9g Program\u00a0<strong>NTP-TFV-19-0049<\/strong> k\u00f3dsz\u00e1m\u00fa p\u00e1ly\u00e1zat\u00e1nak t\u00e1mogat\u00e1s\u00e1val val\u00f3sultak meg. A p\u00e1ly\u00e1zatot az\u00a0Emberi Er\u0151forr\u00e1sok Miniszt\u00e9riuma megb\u00edz\u00e1s\u00e1b\u00f3l az Emberi Er\u0151forr\u00e1s T\u00e1mogat\u00e1skezel\u0151\u00a0hirdette meg.<\/p>\n<div style=\"text-align: center;\"><img decoding=\"async\" style=\"border: none; vertical-align: middle;\" alt=\"\" src=\"https:\/\/www.cs.ubbcluj.ro\/wp-content\/uploads\/ETT-logo-150x150.jpg\" width=\"100\" \/><img decoding=\"async\" style=\"border: none; vertical-align: middle;\" alt=\"\" src=\"https:\/\/www.cs.ubbcluj.ro\/wp-content\/uploads\/EMMI-logo-150x150.jpg\" width=\"100\" \/><img decoding=\"async\" style=\"border: none; vertical-align: middle;\" alt=\"\" src=\"https:\/\/www.cs.ubbcluj.ro\/wp-content\/uploads\/EET-logo-150x150.jpg\" width=\"100\" \/><\/div>\n","protected":false},"excerpt":{"rendered":"<p> <a class=\"continue-reading-link\" href=\"https:\/\/simplexportal.ro\/tehetseg.ro\/?p=2447\">Tartalomhoz&#8230; <span class=\"meta-nav\">&rarr; <\/span><\/a><\/p>\n","protected":false},"author":4,"featured_media":2450,"comment_status":"closed","ping_status":"closed","sticky":false,"template":"","format":"standard","meta":{"footnotes":""},"categories":[43,9,24],"tags":[],"class_list":["post-2447","post","type-post","status-publish","format-standard","has-post-thumbnail","hentry","category-2020-tevekenyseg","category-tehetsegapolo-tevekenysegek","category-tevekenysegek"],"_links":{"self":[{"href":"https:\/\/simplexportal.ro\/tehetseg.ro\/index.php?rest_route=\/wp\/v2\/posts\/2447","targetHints":{"allow":["GET"]}}],"collection":[{"href":"https:\/\/simplexportal.ro\/tehetseg.ro\/index.php?rest_route=\/wp\/v2\/posts"}],"about":[{"href":"https:\/\/simplexportal.ro\/tehetseg.ro\/index.php?rest_route=\/wp\/v2\/types\/post"}],"author":[{"embeddable":true,"href":"https:\/\/simplexportal.ro\/tehetseg.ro\/index.php?rest_route=\/wp\/v2\/users\/4"}],"replies":[{"embeddable":true,"href":"https:\/\/simplexportal.ro\/tehetseg.ro\/index.php?rest_route=%2Fwp%2Fv2%2Fcomments&post=2447"}],"version-history":[{"count":2,"href":"https:\/\/simplexportal.ro\/tehetseg.ro\/index.php?rest_route=\/wp\/v2\/posts\/2447\/revisions"}],"predecessor-version":[{"id":2449,"href":"https:\/\/simplexportal.ro\/tehetseg.ro\/index.php?rest_route=\/wp\/v2\/posts\/2447\/revisions\/2449"}],"wp:featuredmedia":[{"embeddable":true,"href":"https:\/\/simplexportal.ro\/tehetseg.ro\/index.php?rest_route=\/wp\/v2\/media\/2450"}],"wp:attachment":[{"href":"https:\/\/simplexportal.ro\/tehetseg.ro\/index.php?rest_route=%2Fwp%2Fv2%2Fmedia&parent=2447"}],"wp:term":[{"taxonomy":"category","embeddable":true,"href":"https:\/\/simplexportal.ro\/tehetseg.ro\/index.php?rest_route=%2Fwp%2Fv2%2Fcategories&post=2447"},{"taxonomy":"post_tag","embeddable":true,"href":"https:\/\/simplexportal.ro\/tehetseg.ro\/index.php?rest_route=%2Fwp%2Fv2%2Ftags&post=2447"}],"curies":[{"name":"wp","href":"https:\/\/api.w.org\/{rel}","templated":true}]}}