{"id":51,"date":"2011-07-11T12:52:42","date_gmt":"2011-07-11T12:52:42","guid":{"rendered":"http:\/\/simplexportal.ro\/?p=51"},"modified":"2013-09-11T19:53:09","modified_gmt":"2013-09-11T19:53:09","slug":"fazakas-reka-maria","status":"publish","type":"post","link":"https:\/\/simplexportal.ro\/?p=51","title":{"rendered":"Fazakas R\u00e9ka-M\u00e1ria"},"content":{"rendered":"<p>Fazakas R\u00e9ka-M\u00e1ria vagyok, a cs\u00edkszeredai M\u00e1rton \u00c1ron Gimn\u00e1zium matematika-informatika oszt\u00e1ly\u00e1ban v\u00e9geztem 2004-ben. A budapesti P\u00e1zm\u00e1ny P\u00e9ter Katolikus Egyetem Jog- \u00e9s \u00c1llamtudom\u00e1nyi Kar\u00e1n szereztem jogi diplom\u00e1t, jelenleg egy budapesti \u00fcgyv\u00e9di irod\u00e1ban dolgozom \u00fcgyv\u00e9djel\u00f6ltk\u00e9nt, valamint a kolozsv\u00e1ri Babes-Bolyai Tudom\u00e1nyegyetem jogi kar\u00e1nak utols\u00f3 \u00e9ves hallgat\u00f3ja vagyok.<\/p>\n<p>&nbsp;<\/p>\n<p>A (jelenlegi) Simplex Egyes\u00fclet tagjai \u00e1ltal szervezett \u00e9s vezetett rendszeres d\u00e9lut\u00e1ni, illetve intenz\u00edvebb t\u00f6bbnapos foglalkoz\u00e1sok olyan mun\u00edci\u00f3t ny\u00fajtottak sz\u00e1momra, melynek hat\u00e1s\u00e1t a mai napig \u00e9rzem, \u00e9s meggy\u0151z\u0151d\u00e9sem, hogy eg\u00e9sz \u00e9letem \u00e9s karrierem sor\u00e1n v\u00e9gig fog k\u00eds\u00e9rni.<\/p>\n<p>&nbsp;<\/p>\n<p>Lehetetlen volna kiemelni odaad\u00f3, f\u00e1radhatatlan munk\u00e1juk minden pozit\u00edvum\u00e1t, hiszen az j\u00f3val t\u00falmutat az \u00e1ltaluk felk\u00e9sz\u00edtett di\u00e1kok \u00e1ltal \u00e9vr\u0151l \u00e9vre el\u00e9rt kiv\u00e1l\u00f3 versenyeredm\u00e9nyeken.<\/p>\n<p>&nbsp;<\/p>\n<p>Munk\u00e1juknak k\u00f6sz\u00f6nhet\u0151en maradand\u00f3 tud\u00e1sra tettem szert: h\u00e1rom \u00e9v sz\u00fcnet ut\u00e1n az Erd\u00e9lyi Magyar Matematikaversenyen k\u00f6zrem\u0171k\u00f6dhettem a megold\u00e1sok jav\u00edt\u00e1s\u00e1ban, \u00e9s \u2013 tal\u00e1n utolj\u00e1ra \u2013 \u00fajra \u00e1t\u00e9lhettem azt a rendk\u00edv\u00fcli \u00e9lm\u00e9nyt, amit egy ilyen rendezv\u00e9ny ny\u00fajt.<\/p>\n<p>&nbsp;<\/p>\n<p>A foglalkoz\u00e1sok, versenyek olyan logikai, ugyanakkor kreat\u00edv \u00e9s ny\u00edlt gondolkod\u00e1sm\u00f3d kialakul\u00e1s\u00e1t seg\u00edtett\u00e9k el\u0151, mely nap mint nap nagy m\u00e9rt\u00e9kben hozz\u00e1seg\u00edt a munk\u00e1m \u00e9s a mindennapi \u00e9let \u00e1ltal el\u00e9m \u00e1ll\u00edtott probl\u00e9m\u00e1k megold\u00e1s\u00e1hoz.<\/p>\n<p>&nbsp;<\/p>\n<p>A megm\u00e9rettet\u00e9sek sor\u00e1n kialakult eg\u00e9szs\u00e9ges versenyszellem, a felk\u00e9sz\u00edt\u0151 tan\u00e1rok bel\u00e9nk vetett hite \u00e9s \u00e1ldozatos munk\u00e1ja a kit\u0171z\u00f6tt c\u00e9lok el\u00e9rhet\u0151s\u00e9g\u00e9nek tudat\u00e1t, \u00f6nbizalmat \u00e9s kitart\u00e1st ny\u00fajtott sz\u00e1momra, mely n\u00e9lk\u00fcl\u00f6zhetetlen volt eddigi eredm\u00e9nyeim el\u00e9r\u00e9s\u00e9ben, \u00e9letem b\u00e1rmely szegmens\u00e9r\u0151l is legyen sz\u00f3.<\/p>\n<p>&nbsp;<\/p>\n<p>A k\u00fcl\u00f6nf\u00e9le t\u00e1borok, versenyek \u00e9s utaz\u00e1sok feledhetetlen \u00e9lm\u00e9nyekkel, els\u0151sorban pedig \u00e9letre sz\u00f3l\u00f3 kapcsolatokkal gazdag\u00edtottak. Igaz bar\u00e1tokra leltem, akikre b\u00e1rmely helyzetben sz\u00e1m\u00edthatok, legyek Cs\u00edkszered\u00e1ban, Kolozsv\u00e1ron, vagy \u00e9ppen Budapesten&#8230; \u00e9lett\u00e1rsamat Nagykanizs\u00e1n, a X. Nemzetk\u00f6zi Magyar Matematikaversenyen ismertem meg&#8230;<\/p>\n<p>&nbsp;<\/p>\n<p><strong>Eredm\u00e9nyeim:<\/strong><\/p>\n<p>2001.: febru\u00e1r 17. &#8211; Erd\u00e9lyi Magyar Matematikaverseny, Sepsiszentgy\u00f6rgy \u2013 D\u00edcs\u00e9ret, m\u00e1rcius 3. &#8211; Megyei Matematika Tant\u00e1rgyverseny, Cs\u00edkszereda &#8211; I. d\u00edj, \u00e1prilis 10. &#8211;\u00a0 X. Nemzetk\u00f6zi Magyar Matematikaverseny, Nagykanizsa, m\u00e1jus 24. &#8211; Tudom\u00e1nyos \u00dcl\u00e9sszak \u2013 Matematika &#8211; I. d\u00edj<\/p>\n<p>2002.: febru\u00e1r 9.\u00a0 &#8211; X. Erd\u00e9lyi Magyar Matematikaverseny, Cs\u00edkszereda &#8211; I. d\u00edj, febru\u00e1r 14. &#8211; Megyei Matematika Tant\u00e1rgyverseny, Cs\u00edkszereda \u2013 D\u00edcs\u00e9ret, m\u00e1rcius 20. &#8211; XI. Nemzetk\u00f6zi Magyar Matematikaverseny, Sepsiszentgy\u00f6rgy \u2013 D\u00edcs\u00e9ret, m\u00e1jus 11. &#8211; VI. Rad\u00f3 Ferenc Matematikai Eml\u00e9kverseny, Kolozsv\u00e1r &#8211; II. d\u00edj, k\u00fcl\u00f6nd\u00edj, okt\u00f3ber 12. &#8211; XI. Bolyai J\u00e1nos Matematikai Eml\u00e9kverseny, Munk\u00e1cs &#8211; III. d\u00edj, december 14. &#8211; A Washingtoni Kultur\u00e1lis Alap\u00edtv\u00e1ny Erd\u00e9ly\u00e9rt, 1956-os Matematikai D\u00edja a 2001-2002 tan\u00e9vben rendezett matematika vet\u00e9lked\u0151k\u00f6n el\u00e9rt legjobb eredm\u00e9nyek\u00e9rt junior kateg\u00f3ri\u00e1ban.<\/p>\n<p>2003.: m\u00e1rcius 8. &#8211; Megyei Matematika Tant\u00e1rgyverseny, Cs\u00edkszereda \u2013 D\u00edcs\u00e9ret, \u00e1prilis 19. &#8211; XII. Nemzetk\u00f6zi Magyar Matematikaverseny, Eger \u2013 D\u00edcs\u00e9ret, j\u00fanius 1. &#8211; VII. Rad\u00f3 Ferenc Matematikai Eml\u00e9kverseny, Kolozsv\u00e1r \u2013 D\u00edcs\u00e9ret, Gordiusz Logikaverseny, helyi szakasz &#8211; I. d\u00edj<\/p>\n<p>2004.: janu\u00e1r 31. &#8211; Hegyi Lajos Matematika Eml\u00e9kverseny, Marosv\u00e1s\u00e1rhely \u2013 D\u00edcs\u00e9ret, febru\u00e1r 21. &#8211; Erd\u00e9lyi Magyar Matematikaverseny, Sepsiszentgy\u00f6rgy &#8211; III. d\u00edj, m\u00e1rcius 7. &#8211; Megyei Matematika Tant\u00e1rgyverseny, Cs\u00edkszereda &#8211; III. d\u00edj, m\u00e1rcius 20. &#8211; XIII. Nemzetk\u00f6zi Magyar Matematikaverseny, Nagydobrony &#8211; D\u00edcs\u00e9ret<\/p>\n","protected":false},"excerpt":{"rendered":"<p>Fazakas R\u00e9ka-M\u00e1ria vagyok, a cs\u00edkszeredai M\u00e1rton \u00c1ron Gimn\u00e1zium matematika-informatika oszt\u00e1ly\u00e1ban v\u00e9geztem 2004-ben. A budapesti P\u00e1zm\u00e1ny P\u00e9ter Katolikus Egyetem Jog- \u00e9s \u00c1llamtudom\u00e1nyi Kar\u00e1n szereztem jogi diplom\u00e1t, jelenleg egy budapesti \u00fcgyv\u00e9di irod\u00e1ban dolgozom \u00fcgyv\u00e9djel\u00f6ltk\u00e9nt, valamint a kolozsv\u00e1ri Babes-Bolyai Tudom\u00e1nyegyetem jogi kar\u00e1nak utols\u00f3 \u00e9ves hallgat\u00f3ja vagyok. &nbsp; A (jelenlegi) Simplex Egyes\u00fclet tagjai \u00e1ltal szervezett \u00e9s vezetett rendszeres d\u00e9lut\u00e1ni, [&hellip;]<\/p>\n","protected":false},"author":1,"featured_media":0,"comment_status":"closed","ping_status":"open","sticky":false,"template":"","format":"standard","meta":{"footnotes":""},"categories":[9],"tags":[],"class_list":["post-51","post","type-post","status-publish","format-standard","hentry","category-interjuk"],"_links":{"self":[{"href":"https:\/\/simplexportal.ro\/index.php?rest_route=\/wp\/v2\/posts\/51","targetHints":{"allow":["GET"]}}],"collection":[{"href":"https:\/\/simplexportal.ro\/index.php?rest_route=\/wp\/v2\/posts"}],"about":[{"href":"https:\/\/simplexportal.ro\/index.php?rest_route=\/wp\/v2\/types\/post"}],"author":[{"embeddable":true,"href":"https:\/\/simplexportal.ro\/index.php?rest_route=\/wp\/v2\/users\/1"}],"replies":[{"embeddable":true,"href":"https:\/\/simplexportal.ro\/index.php?rest_route=%2Fwp%2Fv2%2Fcomments&post=51"}],"version-history":[{"count":2,"href":"https:\/\/simplexportal.ro\/index.php?rest_route=\/wp\/v2\/posts\/51\/revisions"}],"predecessor-version":[{"id":1091,"href":"https:\/\/simplexportal.ro\/index.php?rest_route=\/wp\/v2\/posts\/51\/revisions\/1091"}],"wp:attachment":[{"href":"https:\/\/simplexportal.ro\/index.php?rest_route=%2Fwp%2Fv2%2Fmedia&parent=51"}],"wp:term":[{"taxonomy":"category","embeddable":true,"href":"https:\/\/simplexportal.ro\/index.php?rest_route=%2Fwp%2Fv2%2Fcategories&post=51"},{"taxonomy":"post_tag","embeddable":true,"href":"https:\/\/simplexportal.ro\/index.php?rest_route=%2Fwp%2Fv2%2Ftags&post=51"}],"curies":[{"name":"wp","href":"https:\/\/api.w.org\/{rel}","templated":true}]}}