{"id":2880,"date":"2018-05-31T18:44:09","date_gmt":"2018-05-31T16:44:09","guid":{"rendered":"http:\/\/simplexportal.ro\/?p=2880"},"modified":"2018-06-01T10:09:52","modified_gmt":"2018-06-01T08:09:52","slug":"simplex-kell-a-keksz-kvizverseny-a-simplex-egyesuletnel","status":"publish","type":"post","link":"https:\/\/simplexportal.ro\/?p=2880","title":{"rendered":"SimpleX, kell a keksz!  Kv\u00edzverseny a SimpleX Egyes\u00fcletn\u00e9l"},"content":{"rendered":"<p>Minden \u00e9vben van egy m\u00e1jusi nap, ami napt\u00e1runkban sz\u00ednessel van kiemelve. Ez id\u00e9n:<\/p>\n<p><center> <font color=\"green\">2018. m\u00e1jus 28., MATEMATIKAI TEHETS\u00c9GEK NAPJA<\/font>  <\/center><\/p>\n<p>Az\u00e9rt nagyon fontos sz\u00e1munkra minden \u00e9vben ez a nap, mert ezen a napon \u00fcnnepelj\u00fck az eg\u00e9sz \u00e9ves k\u00f6z\u00f6s munk\u00e1t. \u00c9s mivel m\u00e1ssal \u00fcnnepeln\u00e9nk, ha nem egy utols\u00f3 egy\u00fcttgondolkod\u00e1ssal. Nagyon komoly \u00e9s hosszas el\u0151k\u00e9sz\u00fcletek folynak minden \u00e9vben, hogy ez az egy\u00fcttgondolkod\u00e1s min\u00e9l tartalmasabb, vonz\u00f3bb legyen: <strong><font color=\"red\">KV\u00cdZJ\u00c1T\u00c9K<\/font>ot  <\/strong> k\u00e9sz\u00edt\u00fcnk.<br \/>\n\u00c9s akkor l\u00e1ssuk, hogy hogyan is zajlott le a SimpleX Egyes\u00fclet Tehets\u00e9gnapja, m\u00e1jus 28-\u00e1n.<br \/>\nCs\u00edkszered\u00e1ban, a M\u00e1rton \u00c1ron F\u0151gimn\u00e1zium gy\u00f6ny\u00f6r\u0171 d\u00edszterm\u00e9ben m\u00e1r a d\u00e9lel\u0151tt folyam\u00e1n szorgoskodtak az \u00f6nk\u00e9ntes di\u00e1kok, mert id\u00e9n is egym\u00e1s ut\u00e1n k\u00e9t kv\u00edzverseny lebonyol\u00edt\u00e1s\u00e1ra v\u00e1llalkoztunk. Az els\u0151 kv\u00edz a M\u00e1rton \u00c1ron F\u0151gimn\u00e1ziumban \u00e9ppen zajl\u00f3 Iskola M\u00e1sk\u00e9pp H\u00e9t f\u0151 matekes tev\u00e9kenys\u00e9ge volt, \u00e9s az iskola di\u00e1kjainak szervezt\u00fck. A m\u00e1sodik, d\u00e9lut\u00e1n zajl\u00f3 rendezv\u00e9ny az egyes\u00fclet \u00e1ltal a tan\u00e9v sor\u00e1n hetente\/k\u00e9thetente tartott, eg\u00e9sz Cs\u00edki-medenc\u00e9re nyolcadik \u00e9ve kiterjed\u0151 tehets\u00e9gfejleszt\u0151 szakk\u00f6r\u00f6k z\u00e1r\u00f3\u00fcnnep\u00e9lye volt, de ugyanakkor nyitott volt minden \u00e9rdekl\u0151d\u0151 sz\u00e1m\u00e1ra (k\u00e9peket a rendezv\u00e9nyr\u0151l itt n\u00e9zhet).<br \/>\nAz els\u0151 kv\u00edzen 6 csapat, azaz 30 di\u00e1k vett r\u00e9szt. A d\u00e9lut\u00e1ni rendezv\u00e9nyre pedig t\u00f6bb mint 100 \u2013 IV-VIII. oszt\u00e1lyos \u2013 gyerek nevezett be, 21 csapatot alkotva, a k\u00f6vetkez\u0151 iskol\u00e1kb\u00f3l:<\/p>\n<style type=\"text\/css\">\n\ttable.tableizer-table {\n\t\tfont-size: 12px;\n\t\tborder: 1px solid #CCC; \n\t\tfont-family: Arial, Helvetica, sans-serif;\n\t} \n\t.tableizer-table td {\n\t\tpadding: 4px;\n\t\tmargin: 3px;\n\t\tborder: 1px solid #CCC;\n\t}\n\t.tableizer-table th {\n\t\tbackground-color: #104E8B; \n\t\tcolor: #FFF;\n\t\tfont-weight: bold;\n\t}\n<\/style>\n<table class=\"tableizer-table\">\n<thead>\n<tr class=\"tableizer-firstrow\">\n<th><center>Helys\u00e9g<\/center><\/th>\n<th><center>Iskola<\/center><\/th>\n<\/tr>\n<\/thead>\n<tbody>\n<tr>\n<td>Cs\u00edkcsics\u00f3<\/td>\n<td>K\u00e1joni J\u00e1nos \u00c1ltal\u00e1nos Iskola<\/td>\n<\/tr>\n<tr>\n<td>Cs\u00edkd\u00e1nfalva<\/td>\n<td>Pet\u0151fi S\u00e1ndor Iskolak\u00f6zpont<\/td>\n<\/tr>\n<tr>\n<td>Cs\u00edkmadaras<\/td>\n<td>Kiss Ferenc \u00c1ltal\u00e1nos Iskola<\/td>\n<\/tr>\n<tr>\n<td>Cs\u00edkszentdomokos<\/td>\n<td>M\u00e1rton \u00c1ron \u00c1ltal\u00e1nos Iskola<\/td>\n<\/tr>\n<tr>\n<td>Cs\u00edkszentkir\u00e1ly<\/td>\n<td>Vitos M\u00f3zes \u00c1ltal\u00e1nos Iskola<\/td>\n<\/tr>\n<tr>\n<td>Cs\u00edkszentm\u00e1rton<\/td>\n<td>Tivai Nagy Imre Szakk\u00f6z\u00e9piskola<\/td>\n<\/tr>\n<tr>\n<td>Cs\u00edkszereda<\/td>\n<td>J\u00f3zsef Attila \u00c1ltal\u00e1nos Iskola<\/td>\n<\/tr>\n<tr>\n<td>&nbsp;<\/td>\n<td>Liviu Rebreanu \u00c1ltal\u00e1nos Iskola<\/td>\n<\/tr>\n<tr>\n<td>&nbsp;<\/td>\n<td>Nagy Imre \u00c1ltal\u00e1nos Iskola<\/td>\n<\/tr>\n<tr>\n<td>&nbsp;<\/td>\n<td>Nagy Istv\u00e1n M\u0171v\u00e9szeti K\u00f6z\u00e9piskola<\/td>\n<\/tr>\n<tr>\n<td>&nbsp;<\/td>\n<td>Pet\u0151fi S\u00e1ndor \u00c1ltal\u00e1nos Iskola<\/td>\n<\/tr>\n<tr>\n<td>&nbsp;<\/td>\n<td>Seg\u00edt\u0151 M\u00e1ria R\u00f3mai Katolikus Gimn\u00e1zium<\/td>\n<\/tr>\n<tr>\n<td>Gyimesk\u00f6z\u00e9plok<\/td>\n<td>Majl\u00e1th Guszt\u00e1v K\u00e1roly \u00c1ltal\u00e1nos Iskola<\/td>\n<\/tr>\n<tr>\n<td>Tusn\u00e1df\u00fcrd\u0151<\/td>\n<td>J\u00f3kai M\u00f3r \u00c1ltal\u00e1nos Iskola<\/td>\n<\/tr>\n<\/tbody>\n<\/table>\n<p>A kv\u00edzversenynek hat t\u00e9mak\u00f6re volt: a lehet\u0151 legt\u00f6bb\/legkevesebb, igaz-hamis feladatok, gyuf\u00e1s feladv\u00e1nyok, sz\u00e1ml\u00e1l\u00e1si feladatok, sz\u00e1mrejtv\u00e9nyek, illetve egy meglepet\u00e9s kateg\u00f3ria. Ezekben a t\u00e9mak\u00f6r\u00f6kben k\u00fcl\u00f6nb\u00f6z\u0151 neh\u00e9zs\u00e9g\u0171 (5, 10, 15, 20, 25 pontos) feladatok sorakoztak.<br \/>\nHab\u00e1r mindk\u00e9t kv\u00edzverseny (l\u00e1sd: <a href=\"http:\/\/quizz.simplexportal.ro\">http:\/\/quizz.simplexportal.ro<\/a>) k\u00f6zel h\u00e1rom \u00f3r\u00e1t tartott, rendk\u00edv\u00fcl izgalmas volt, a gyerekek \u00e9s az \u0151ket k\u00eds\u00e9r\u0151 tan\u00edt\u00f3k, tan\u00e1rok, sz\u00fcl\u0151k v\u00e9gig j\u00f3l sz\u00f3rakoztak.<\/p>\n<p>A legfontosabb nyilv\u00e1n az volt, hogy a gyerekek matekez\u00e9ssel, egy\u00fctt gondolkod\u00e1ssal, \u00e9s ez\u00e1ltal sz\u00f3rakozva t\u00f6lt\u00f6tt\u00e9k a napot, de minden versenyen vannak legt\u00f6bb pontot el\u00e9r\u0151 csapatok.<br \/>\n\u0150k a k\u00f6vetkez\u0151k:<\/p>\n<p>D\u00e9lel\u0151tt (nagyok):<\/p>\n<p><strong>I. d\u00edjas<\/strong> a <strong>Szil\u00e1rd mester csapattya<\/strong> nev\u0171 csapat: <strong>Csibi Alexandra<\/strong>, <strong>Egri Csongor<\/strong>, <strong>Ferencz Szil\u00e1rd<\/strong>, <strong>Gy\u00f6rgy Zolt\u00e1n<\/strong> (X. o.), <strong>Rancz M\u00e1t\u00e9<\/strong> (XI. o.)<\/p>\n<p><strong>II. d\u00edjas<\/strong> a <strong>SimpleW<\/strong> nev\u0171 csapat: <strong>M\u00e1rton Vazul<\/strong>,<strong> P\u00e9ter Istv\u00e1n<\/strong> (XI. o.), <strong>Szab\u00f3 Bal\u00e1zs<\/strong> (IX. o.)<\/p>\n<p><strong>III. d\u00edjas<\/strong> a <strong>sapk\u00e1k<\/strong> nev\u0171 csapat: <strong>Gergely Anna<\/strong>, <strong>Petres S\u00e1ra<\/strong>, <strong>Sall\u00f3 Attila<\/strong>, <strong>Sz\u00e9kely \u00c1kos<\/strong> (XII. o.) \u00e9s az <strong>Apacsok<\/strong> nev\u0171 csapat: <strong>Andr\u00e1s Zsolt<\/strong> (IX. o.), <strong>Bartis Zsolt<\/strong> (XII. o.), <strong>Kozman Botond<\/strong> (XI. o.), <strong>Rokaly Barna<\/strong> (IX. o.)<\/p>\n<p>D\u00e9lut\u00e1n (kicsik):<\/p>\n<p><strong>I. d\u00edjas<\/strong> a Pet\u0151fi S\u00e1ndor \u00c1ltal\u00e1nos Iskola <strong>Mindegy a n\u00e9gyzeten<\/strong> nev\u0171 csapata: <strong>Her\u021ba No\u00e9mi<\/strong> (VI. o.), <strong>J\u00e1n\u00f3 R\u00f3bert<\/strong> (VIII. o.), <strong>Lacz Kinga<\/strong> (VII. o.), <strong>L\u00e1z\u00e1r El\u0151d<\/strong> (VII. o.), <strong>\u021aepuc T\u00fcnde<\/strong> (V. o.) &#8211; 220 pont<\/p>\n<p><strong>II. d\u00edjas<\/strong> a Nagy Imre \u00c1ltal\u00e1nos Iskola <strong>NAGY CSAPAT<\/strong> nev\u0171 csapata: <strong>Ambrus M\u00e1rk<\/strong> (VIII. o.), <strong>Mih\u00e1ly Tamara<\/strong> (VII. o.),<strong> Mih\u00e1ly Tam\u00e1s<\/strong> (VII. o.), <strong>Tam\u00e1s L\u00e1szl\u00f3<\/strong> (VIII. o.), <strong>Toth Emese<\/strong> (VIII. o.) &#8211; 215 pont<\/p>\n<p><strong>III. d\u00edjas<\/strong> a Nagy Istv\u00e1n M\u0171v\u00e9szeti K\u00f6z\u00e9piskola <strong>\u00d6t a k\u00f6v\u00f6n<\/strong> nev\u0171 csapata: <strong>Bal\u00e1zs-B\u00e9csi J\u00falia<\/strong>, <strong>Benedek M\u00e1rton<\/strong>, <strong>Heron Kincs\u0151<\/strong>, <strong>Mih\u00e1ly Andr\u00e1s Ferenc<\/strong>,<strong> P\u00e1ll \u00c1kos<\/strong> (VI. o.) &#8211; 185 pont<\/p>\n<p>Az eredm\u00e9nyhirdet\u00e9st k\u00f6vet\u0151en \u00e9rkezett a \u2013 m\u00e1r hagyom\u00e1nyoss\u00e1 v\u00e1lt \u2013 <strong>SimpleX torta<\/strong>, amib\u0151l repeta is jutott kicsiknek nagyoknak egyar\u00e1nt.<\/p>\n<p>A m\u00e1r nyolcadik \u00e9ve az eg\u00e9sz Cs\u00edki-medenc\u00e9re kiterjed\u0151 matematikai tehets\u00e9ggondoz\u00f3 szakk\u00f6r\u00f6k, \u00e9s ez a rendezv\u00e9ny nem j\u00f6hetett volna l\u00e9tre a k\u00f6vetkez\u0151 emberek n\u00e9lk\u00fcl (z\u00e1r\u00f3jelben az \u00e9vfolyam, akikkel id\u00e9n foglalkoztak): <strong>Csap\u00f3 Hajnalka<\/strong> (IV. oszt\u00e1lyosok),<strong> P\u00e1ll R. Olga<\/strong> (V. oszt\u00e1lyosok), <strong>Zsombori Gabriella<\/strong> (VI. oszt\u00e1lyosok), <strong>Tam\u00e1si Csaba<\/strong> (VII. oszt\u00e1lyosok), valamint <strong>Csata Lili<\/strong> (VIII. oszt\u00e1lyosok).<\/p>\n<p>Sok IX-XII.-es, M\u00e1rton \u00c1ron F\u0151imn\u00e1ziumban tanul\u00f3 di\u00e1k v\u00e1llalt id\u00e9n is <strong>\u00f6nk\u00e9ntes<\/strong> munk\u00e1t, hogy a rendezv\u00e9ny olajozottan m\u0171k\u00f6dj\u00f6n. \u0150k felv\u00e1ltva, eg\u00e9sz nap seg\u00edtett\u00e9k a gyerekeket \u00e9s benn\u00fcnket. Ez\u00faton is nagyon sz\u00e9pen k\u00f6sz\u00f6nj\u00fck nekik munk\u00e1jukat!<\/p>\n<p>Sz\u00fclinapi rendezv\u00e9ny\u00fcnknek m\u00e9lt\u00f3bb helysz\u00edne nem is lehetett volna, mint a<strong> M\u00e1rton \u00c1ron F\u0151gimn\u00e1zium<\/strong> d\u00edszterme. Ez\u00faton is k\u00f6sz\u00f6nj\u00fck az iskola vezet\u0151s\u00e9g\u00e9nek, hogy ism\u00e9t rendelkez\u00e9s\u00fcnkre bocs\u00e1totta a tan\u00e9v sor\u00e1n szakk\u00f6reinknek a tantermeket, illetve nyit\u00f3 \u00e9s z\u00e1r\u00f3 rendezv\u00e9ny\u00fcnk\u00f6n a d\u00edsztermet.<\/p>\n<p>V\u00e9g\u00fcl szeretn\u00e9nk megosztani mindenkivel, hogy milyen \u2013 <strong>egy perc alatt \u00edrt <\/strong> \u2013 szlogeneket kaptunk a csapatokt\u00f3l: a Meglepet\u00e9s kateg\u00f3ri\u00e1ban ugyanis az 5 pontos feladatot kicsik \u00e9s nagyok is kiv\u00e1lasztott\u00e1k, itt pedig meglepet\u00e9s\u00fckre nem matek feladat v\u00e1rta \u0151ket, hanem az a k\u00e9r\u00e9s, hogy \u00edrjanak szlogent (jelmondatot) a SimpleX Egyes\u00fcletnek.<br \/>\n\u00c9s amit kaptunk:<br \/>\n\u2022\tMegtudtuk, hogy mi, SimpleX-esek, nem vagyunk t\u00fal komplexek, de az\u00e9rt m\u00e9g nincs olyan nagy baj:<\/p>\n<p><center><strong> Se nem Simpla, se nem kompleX,<br \/>\nKett\u0151 k\u00f6z\u00f6tt van a SimpleX.<\/strong><\/center><\/p>\n<p>\u2022\tKider\u00fclt, hogy ak\u00e1r randioldalt is m\u0171k\u00f6dtethetn\u00e9nk, hiszen:<\/p>\n<p><center><strong>  Nem baj hogyha nincsen ex,<br \/>\nMindent megold a SimpleX!<\/strong><\/center><\/p>\n<p>\u2022\tAzt m\u00e1r mondanunk sem kell, hogy:<\/p>\n<p><center><strong> SimpleX is the best!<\/strong><\/center><\/p>\n<p>\u2022\tViszont ugyanakkor \u00f3vva intenek benn\u00fcnket, hogy:<\/p>\n<p><center><strong>  SimpleX relax!<\/strong><\/center><\/p>\n<p>\u2022\t\u00d6r\u00f6k igazs\u00e1g jelmondataink is lehetn\u00e9nek:<\/p>\n<p><center><strong>  A matek, az kell!<\/strong><\/center><\/p>\n<p> <center><strong>  A matematika SimpleX, mint a bicikliz\u00e9s.<\/strong><\/center><\/p>\n<p><center><strong> Nincs el\u00e9gt\u00e9tel, ha t\u00fal k\u00f6nny\u0171 a t\u00e9tel.<\/strong><\/center><\/p>\n<p><center><strong> J\u00e1rj a SimpleX-re,<br \/>\nMatek megy a fejedbe.<\/strong><\/center><\/p>\n<p>\u2022\t\u00c9s egy kis alliter\u00e1ci(j)\u00f3 is j\u00f3l j\u00f6het:<\/p>\n<p><center><strong> Szimpl\u00e1n sz\u00e1molj a SimpleX-n\u00e9l!<\/strong><\/center><\/p>\n<p>\u2022\tKedvenc jelmondatunkat egy negyedikesekb\u0151l \u00e1ll\u00f3 csapatt\u00f3l kaptuk:<\/p>\n<p><center><strong> <a href=\"http:\/\/simplexportal.ro\/wp-content\/uploads\/2018\/05\/image001.jpg\"><img loading=\"lazy\" src=\"http:\/\/simplexportal.ro\/wp-content\/uploads\/2018\/05\/image001-289x300.jpg\" alt=\"image001\" width=\"200\" height=\"200\" class=\"alignnone size-medium wp-image-2890\" \/><\/a>  <\/strong><\/center><\/p>\n<p>\u2022\tDe, a szlogenek szlogenje (ha lehet egy\u00e1ltal\u00e1n ilyet mondani):<\/p>\n<p><center><strong> SimpleX, j\u00e1r a keksz! <\/strong><\/center><\/p>\n<p>De mi is az a <strong>keksz<\/strong>, ami minket illet? \u00c9s az mi\u00e9rt <strong>j\u00e1r<\/strong>? Nek\u00fcnk j\u00e1r, vagy a gyerekeknek? Szellemi t\u00e1pl\u00e1l\u00e9kr\u00f3l lenne sz\u00f3? Vagy egyszer\u0171en Eudzs\u00e9nij\u00e1san kell az eg\u00e9szet felfogni? V\u00e1rjuk a kedves Olvas\u00f3k v\u00e9lem\u00e9ny\u00e9t err\u0151l.<\/p>\n<p>Sz\u00e9p, tartalmas vak\u00e1ci\u00f3t mindenkinek!<\/p>\n<p>Az \u00f6sszes nek\u00fcnk \u00edrt szlogen<\/p>\n<p>Kicsik szlogenjei a SimpleX Egyes\u00fcletnek:<\/p>\n<p>&#8211; Andr\u00e1s Szil\u00e1rd matekegyes\u00fclete! Gyere \u00e9s matekezz vel\u00fcnk!<\/p>\n<p>&#8211; Az okoss\u00e1g sokat \u00e9r.<\/p>\n<p>&#8211; SimpleX, ahol semmi sem kompleX!<\/p>\n<p>&#8211; T\u00f6bbet \u00e9sszel, mint er\u0151vel!<\/p>\n<p>&#8211; A matek, az kell!<\/p>\n<p>&#8211; A matematika SimpleX, mint a bicikliz\u00e9s.<\/p>\n<p>&#8211; Szimpl\u00e1n sz\u00e1molj a SimpleX-n\u00e9l!<\/p>\n<p>&#8211; A sz\u00e1mok mindenek felett!<\/p>\n<p>&#8211; Sz\u00e1molj, hogy sz\u00e1m\u00edts!<\/p>\n<p>&#8211; SimpleX is the best!<\/p>\n<p>&#8211; A tud\u00e1s hatalom.<\/p>\n<p>&#8211; SimpleX, \u00e9s egyszer\u0171en kij\u00f6n az X!<\/p>\n<p>&#8211; Minden sz\u00e1mmal seg\u00edtesz a SimpleX-nek!<\/p>\n<p>&#8211; Az \u00e9let olyan, mint a matematika. Nem tanulni, hanem tudni kell!<\/p>\n<p>&#8211; Se nem Simpla, se nem kompleX,<br \/>\n  Kett\u0151 k\u00f6z\u00f6tt van a SimpleX.<\/p>\n<p>&#8211;<\/p>\n<p>&#8211; J\u00e1rj a SimpleX-re,<br \/>\n  Matek megy a fejedbe.<\/p>\n<p>&#8211; SimpleX relax!<\/p>\n<p>&#8211; Tan\u00edtjuk a mateket, hogy legyetek \u00fcgyesek.<\/p>\n<p>&#8211; Mindig legyen ilyen j\u00f3 felk\u00e9sz\u00edt\u0151!<\/p>\n<p>&#8211; Az \u00e1szok a matekosok!<\/p>\n<p>Nagyok \u00e1ltal \u00edrt szlogenek:<\/p>\n<p>&#8211; Nem is olyan kompleX!<\/p>\n<p>&#8211; Olga, Tam\u00e1si, Csap\u00f3,<br \/>\n  Ez a nyer\u0151 tri\u00f3!<\/p>\n<p>&#8211; SimpleX, j\u00e1r a keksz!<\/p>\n<p>&#8211; Nincs el\u00e9gt\u00e9tel, ha t\u00fal k\u00f6nny\u0171 a t\u00e9tel.<\/p>\n<p>&#8211; A matek olyan, mint az \u00e9let. Neh\u00e9z. De mi ezen seg\u00edthet\u00fcnk.<\/p>\n<p>&#8211; Nem baj hogyha nincsen ex,<br \/>\n  Mindent megold a SimpleX!<\/p>\n","protected":false},"excerpt":{"rendered":"<p>Minden \u00e9vben van egy m\u00e1jusi nap, ami napt\u00e1runkban sz\u00ednessel van kiemelve. Ez id\u00e9n: 2018. m\u00e1jus 28., MATEMATIKAI TEHETS\u00c9GEK NAPJA Az\u00e9rt nagyon fontos sz\u00e1munkra minden \u00e9vben ez a nap, mert ezen a napon \u00fcnnepelj\u00fck az eg\u00e9sz \u00e9ves k\u00f6z\u00f6s munk\u00e1t. \u00c9s mivel m\u00e1ssal \u00fcnnepeln\u00e9nk, ha nem egy utols\u00f3 egy\u00fcttgondolkod\u00e1ssal. Nagyon komoly \u00e9s hosszas el\u0151k\u00e9sz\u00fcletek folynak minden \u00e9vben, [&hellip;]<\/p>\n","protected":false},"author":1,"featured_media":2889,"comment_status":"closed","ping_status":"closed","sticky":false,"template":"","format":"standard","meta":{"footnotes":""},"categories":[19],"tags":[],"class_list":["post-2880","post","type-post","status-publish","format-standard","has-post-thumbnail","hentry","category-tevekenysegek"],"_links":{"self":[{"href":"https:\/\/simplexportal.ro\/index.php?rest_route=\/wp\/v2\/posts\/2880","targetHints":{"allow":["GET"]}}],"collection":[{"href":"https:\/\/simplexportal.ro\/index.php?rest_route=\/wp\/v2\/posts"}],"about":[{"href":"https:\/\/simplexportal.ro\/index.php?rest_route=\/wp\/v2\/types\/post"}],"author":[{"embeddable":true,"href":"https:\/\/simplexportal.ro\/index.php?rest_route=\/wp\/v2\/users\/1"}],"replies":[{"embeddable":true,"href":"https:\/\/simplexportal.ro\/index.php?rest_route=%2Fwp%2Fv2%2Fcomments&post=2880"}],"version-history":[{"count":25,"href":"https:\/\/simplexportal.ro\/index.php?rest_route=\/wp\/v2\/posts\/2880\/revisions"}],"predecessor-version":[{"id":2891,"href":"https:\/\/simplexportal.ro\/index.php?rest_route=\/wp\/v2\/posts\/2880\/revisions\/2891"}],"wp:featuredmedia":[{"embeddable":true,"href":"https:\/\/simplexportal.ro\/index.php?rest_route=\/wp\/v2\/media\/2889"}],"wp:attachment":[{"href":"https:\/\/simplexportal.ro\/index.php?rest_route=%2Fwp%2Fv2%2Fmedia&parent=2880"}],"wp:term":[{"taxonomy":"category","embeddable":true,"href":"https:\/\/simplexportal.ro\/index.php?rest_route=%2Fwp%2Fv2%2Fcategories&post=2880"},{"taxonomy":"post_tag","embeddable":true,"href":"https:\/\/simplexportal.ro\/index.php?rest_route=%2Fwp%2Fv2%2Ftags&post=2880"}],"curies":[{"name":"wp","href":"https:\/\/api.w.org\/{rel}","templated":true}]}}