{"id":2649,"date":"2017-05-26T11:29:42","date_gmt":"2017-05-26T09:29:42","guid":{"rendered":"http:\/\/simplexportal.ro\/?p=2649"},"modified":"2017-05-28T18:20:11","modified_gmt":"2017-05-28T16:20:11","slug":"szulinapos-kvizversenyek","status":"publish","type":"post","link":"https:\/\/simplexportal.ro\/?p=2649","title":{"rendered":"Sz\u00fclinapos kv\u00edzversenyek"},"content":{"rendered":"<p><strong>Tehets\u00e9gnap a SimpleX Egyes\u00fcletn\u00e9l<\/strong><\/p>\n<p>2017. m\u00e1jus 22-\u00e9n k\u00fcl\u00f6nleges napra \u00e9bredt\u00fcnk mi, a SimpleX Egyes\u00fclet cs\u00edkszeredai tagjai, ugyanis az Egyes\u00fclet 10. sz\u00fclinapj\u00e1t k\u00e9sz\u00fclt\u00fcnk meg\u00fcnnepelni. \u00dcnnepl\u00e9sr\u0151l viszont csakis saj\u00e1tos st\u00edlusban lehetett sz\u00f3, fergeteges tehets\u00e9gnappal. Cs\u00edkszered\u00e1ban, a M\u00e1rton \u00c1ron F\u0151gimn\u00e1zium d\u00edszterm\u00e9ben m\u00e1r a d\u00e9lel\u0151tt folyam\u00e1n szorgoskodtak az \u00f6nk\u00e9ntes di\u00e1kok, mert egym\u00e1s ut\u00e1n k\u00e9t kv\u00edzverseny lebonyol\u00edt\u00e1s\u00e1ra v\u00e1llalkoztunk. Az els\u0151 kv\u00edz a M\u00e1rton \u00c1ron F\u0151gimn\u00e1ziumban \u00e9ppen zajl\u00f3 Iskola M\u00e1sk\u00e9pp H\u00e9t f\u0151 matekes tev\u00e9kenys\u00e9ge volt, \u00e9s az iskola di\u00e1kjainak szervezt\u00fck, de a Nagy Istv\u00e1n M\u0171v\u00e9szeti K\u00f6z\u00e9piskol\u00e1b\u00f3l is r\u00e9szt vett egy csapat. A m\u00e1sodik, d\u00e9lut\u00e1n zajl\u00f3 rendezv\u00e9ny az egyes\u00fclet \u00e1ltal a tan\u00e9v sor\u00e1n hetente\/k\u00e9thetente tartott, eg\u00e9sz Cs\u00edki-medenc\u00e9re hetedik \u00e9ve kiterjed\u0151 tehets\u00e9gfejleszt\u0151 szakk\u00f6r\u00f6k z\u00e1r\u00f3\u00fcnnep\u00e9lye volt, de ugyanakkor nyitott volt minden \u00e9rdekl\u0151d\u0151 sz\u00e1m\u00e1ra (k\u00e9pek a rendezv\u00e9nyr\u0151l <a href=\"https:\/\/www.facebook.com\/pg\/simplexegyesulet\/photos\/?tab=album&#038;album_id=1520956077915287\">itt<\/a> \u00e9s <a href=\"https:\/\/www.facebook.com\/pg\/simplexegyesulet\/photos\/?tab=album&#038;album_id=1520216594655902\">itt<\/a> tekinthet\u0151k meg).<br \/>\nAz els\u0151 kv\u00edzen 8 csapat, azaz 40 di\u00e1k vett r\u00e9szt. A d\u00e9lut\u00e1ni rendezv\u00e9nyre pedig k\u00f6zel 90 \u2013 IV-VIII. oszt\u00e1lyos \u2013 gyerek nevezett be, 18 csapatot alkotva, a k\u00f6vetkez\u0151 iskol\u00e1kb\u00f3l:<\/p>\n<style type=\"text\/css\">\n\ttable.tableizer-table {\n\t\tfont-size: 12px;\n\t\tborder: 1px solid #CCC; \n\t\tfont-family: Arial, Helvetica, sans-serif;\n\t} \n\t.tableizer-table td {\n\t\tpadding: 4px;\n\t\tmargin: 3px;\n\t\tborder: 1px solid #CCC;\n\t}\n\t.tableizer-table th {\n\t\tbackground-color: #104E8B; \n\t\tcolor: #FFF;\n\t\tfont-weight: bold;\n\t}\n<\/style>\n<table class=\"tableizer-table\">\n<tr>\n<td>Cs\u00edkmadaras<\/td>\n<td>Kiss Ferenc \u00c1ltal\u00e1nos Iskola<\/td>\n<\/tr>\n<tr>\n<td>Cs\u00edkr\u00e1kos<\/td>\n<td>Cserey Mih\u00e1ly \u00c1ltal\u00e1nos Iskola<\/td>\n<\/tr>\n<tr>\n<td>Cs\u00edkszentdomokos<\/td>\n<td>M\u00e1rton \u00c1ron \u00c1ltal\u00e1nos Iskola<\/td>\n<\/tr>\n<tr>\n<td>Cs\u00edkszentimre<\/td>\n<td>Arany J\u00e1nos \u00c1ltal\u00e1nos Iskola<\/td>\n<\/tr>\n<tr>\n<td>Cs\u00edkszentkir\u00e1ly<\/td>\n<td>Vitos M\u00f3zes \u00c1ltal\u00e1nos Iskola<\/td>\n<\/tr>\n<tr>\n<td>Cs\u00edkszereda<\/td>\n<td>J\u00f3zsef Attila \u00c1ltal\u00e1nos Iskola<\/td>\n<\/tr>\n<tr>\n<td>&nbsp;<\/td>\n<td>Liviu Rebreanu \u00c1ltal\u00e1nos Iskola<\/td>\n<\/tr>\n<tr>\n<td>&nbsp;<\/td>\n<td>Nagy Imre \u00c1ltal\u00e1nos Iskola<\/td>\n<\/tr>\n<tr>\n<td>&nbsp;<\/td>\n<td>Nagy Istv\u00e1n M\u0171v\u00e9szeti K\u00f6z\u00e9piskola<\/td>\n<\/tr>\n<tr>\n<td>&nbsp;<\/td>\n<td>Pet\u0151fi S\u00e1ndor \u00c1ltal\u00e1nos Iskola<\/td>\n<\/tr>\n<tr>\n<td>&nbsp;<\/td>\n<td>Seg\u00edt\u0151 M\u00e1ria R\u00f3mai Katolikus Gimn\u00e1zium<\/td>\n<\/tr>\n<tr>\n<td>Tusn\u00e1df\u00fcrd\u0151<\/td>\n<td>J\u00f3kai M\u00f3r \u00c1ltal\u00e1nos Iskola<\/td>\n<\/tr>\n<\/tbody>\n<\/table>\n<p>A kv\u00edzversenynek hat t\u00e9mak\u00f6re volt: <em>geometriai jelleg\u0171 sz\u00e1ml\u00e1l\u00e1si feladatok, igaz-hamis feladatok, gyuf\u00e1s feladv\u00e1nyok, sz\u00e1ml\u00e1l\u00e1si feladatok, becsl\u00e9ses feladv\u00e1nyok,<\/em> illetve egy <em>meglepet\u00e9s<\/em> kateg\u00f3ria. Ezekben a t\u00e9mak\u00f6r\u00f6kben k\u00fcl\u00f6nb\u00f6z\u0151 neh\u00e9zs\u00e9g\u0171 (5,10, 15, 20, 25 pontos) feladatok sorakoztak.<br \/>\nA verseny folyam\u00e1n, a meg\u00e1llap\u00edtott sorrend szerint minden csapat d\u00e9lel\u0151tt k\u00e9tszer, d\u00e9lut\u00e1n pedig pontosan egyszer ker\u00fclt v\u00e1laszt\u00e1s el\u00e9: ekkor v\u00e1lasztottak egy kateg\u00f3ri\u00e1t \u00e9s egy pontsz\u00e1mot (nyilv\u00e1n olyat, amit m\u00e9g m\u00e1s csapat nem v\u00e1lasztott). A d\u00f6nt\u00e9s pillanat\u00e1ban a feladat nem volt ismert. Ha a feladatot az adott id\u0151 (1-5 perc) alatt megoldott\u00e1k, akkor \u00f6sszpontsz\u00e1muk a feladat pontsz\u00e1m\u00e1nak k\u00e9tszeres\u00e9vel n\u0151tt. Ha nem siker\u00fclt megoldaniuk, akkor az addigi pontsz\u00e1mukb\u00f3l a feladat pontsz\u00e1m\u00e1t levontuk. A t\u00f6bbi csapat is oldotta a feladatot. Nekik, ha a feladatot megoldott\u00e1k, \u00f6sszpontsz\u00e1muk a feladat pontsz\u00e1m\u00e1val n\u0151tt. A csapatok a verseny k\u00f6zben (h\u00e1rom fordul\u00f3val a v\u00e9ge el\u0151ttig) k\u00f6vethett\u00e9k a verseny \u00e1ll\u00e1s\u00e1t.<br \/>\nHab\u00e1r mindk\u00e9t verseny k\u00f6zel h\u00e1rom \u00f3r\u00e1t tartott, rendk\u00edv\u00fcl izgalmasra sikeredett, a gyerekek \u00e9s az \u0151ket k\u00eds\u00e9r\u0151 tan\u00edt\u00f3k, tan\u00e1rok, sz\u00fcl\u0151k v\u00e9gig nagyon j\u00f3l sz\u00f3rakoztak. \u00cdzel\u00edt\u0151k\u00e9nt p\u00e9ld\u00e1ul becsl\u00e9s kateg\u00f3ri\u00e1ban a di\u00e1kok meg kellett saccolj\u00e1k, hogy h\u00e1ny centim\u00e9ter magas a M\u00e1rton \u00c1ron F\u0151gimn\u00e1zium d\u00edszterm\u00e9ben lev\u0151 f\u00e1b\u00f3l k\u00e9sz\u00fclt kereszt (10 pont), vagy arra kellett v\u00e1laszt adjanak, hogy h\u00e1ny darab 50 banis van egy k\u00f6rbehordozott dobozban (25 pont). Leg\u00e9rdekesebbnek a k\u00f6vetkez\u0151, 25 pontos feladat bizonyult:<\/p>\n<p>\u00d6t &#8211; k\u00fcl\u00f6nb\u00f6z\u0151 kor\u00fa &#8211; kal\u00f3znak \u00f6sszesen 100 aranyp\u00e9nze van.<br \/>\nA p\u00e9nzt a haj\u00f3jukon a k\u00f6vetkez\u0151k\u00e9ppen osztj\u00e1k el: a legid\u0151sebb kal\u00f3z javaslatot tesz az \u00e9rm\u00e9k sz\u00e9toszt\u00e1s\u00e1ra, \u00e9s MINDEN kal\u00f3z (bele\u00e9rtve a legid\u0151sebbet is) szavaz a javaslat ellen vagy mellett. Ha a kal\u00f3zok legal\u00e1bb fele mellette szavaz, akkor az \u00e9rm\u00e9ket \u00edgy fogj\u00e1k elosztani. Ellenkez\u0151 esetben a javaslatot tev\u0151 kal\u00f3zt kihaj\u00edtj\u00e1k a haj\u00f3b\u00f3l \u00e9s kezd\u0151dik minden el\u00f6lr\u0151l a megmaradt kal\u00f3zokkal.<br \/>\nMivel a kal\u00f3zok v\u00e9rszomjasak, ha egy kal\u00f3z ugyanannyi \u00e9rm\u00e9t kap akkor is, ha egy javaslat mellett vagy ellen szavaz, akkor \u0151 a javaslat ellen fog szavazni.<br \/>\nFelt\u00e9ve, hogy mind az \u00f6t kal\u00f3z okos, racion\u00e1lis, moh\u00f3, \u00e9s nem akar meghalni, hogyan osztj\u00e1k sz\u00e9t a p\u00e9nzt?<\/p>\n<p>A feladatokat kezel\u0151 programot kifejezetten a SimpleX Egyes\u00fcletnek fejlesztette egy informatikai c\u00e9g. Ez egy webes alkalmaz\u00e1s, b\u00e1rmilyen t\u00edpus\u00fa kv\u00edz l\u00e9trehoz\u00e1s\u00e1ra \u00e9s kezel\u00e9s\u00e9re.<\/p>\n<p>Hab\u00e1r a legfontosabb az volt, hogy a gyerekek matekez\u00e9ssel, egy\u00fctt gondolkod\u00e1ssal, \u00e9s ez\u00e1ltal sz\u00f3rakozva t\u00f6lt\u00f6tt\u00e9k a napot, minden versenyen vannak legt\u00f6bb pontot el\u00e9r\u0151 csapatok.<br \/>\n\u0150k a k\u00f6vetkez\u0151k:<\/p>\n<p>D\u00e9lel\u0151tt (nagyok):<\/p>\n<p><strong>I. d\u00edjas a Nek\u00fcnk NEM Mind1 nev\u0171 csapat: Egri Csongor (IX. o.), Kozman Botond, M\u00e1rton Vazul, P\u00e9ter Istv\u00e1n, Rancz M\u00e1t\u00e9 (X. o.)<\/p>\n<p>II. d\u00edjas a Mi csak az ingyen s\u00f6r\u00e9rt j\u00f6tt\u00fcnk nev\u0171 csapat: Cseke Alp\u00e1r, Iarca N\u00e1ndor, Rancz B\u00e1lint, Szab\u00f3 Bence, Tank\u00f3-G\u00e1bor Tiham\u00e9r (XII. o.)<\/p>\n<p>&nbsp;<br \/>\nIII. d\u00edjas az R-WIN nev\u0171 csapat: D\u00e1niel-Tor\u00f3 Bal\u00e1zs, Elekes Csaba, Erd\u00e9ly B\u00e1lint, Mih\u00e1ly Szabolcs, Sz\u0151ke Tam\u00e1s (XII. o.)<br \/>\n<\/strong><\/p>\n<p>A k\u00f6z\u00e9piskol\u00e1sok \u00e1ltal d\u00e9lel\u0151tt v\u00e1lasztott feladatok:<\/p>\n<p><center><br \/>\n<a href=\"http:\/\/simplexportal.ro\/wp-content\/uploads\/2017\/05\/nagyok.jpg\"><img loading=\"lazy\" src=\"http:\/\/simplexportal.ro\/wp-content\/uploads\/2017\/05\/nagyok.jpg\" alt=\"nagyok\" width=\"900\" height=\"1004\" class=\"alignnone size-medium wp-image-2650\" \/><\/a><br \/>\n<\/center><\/p>\n<p>D\u00e9lut\u00e1n (kicsik):<\/p>\n<p><strong>I. d\u00edjas a J\u00f3zsef Attila \u00e9s Kiss Ferenc \u00c1ltal\u00e1nos Iskol\u00e1k Tematikus Matematikusok nev\u0171 k\u00f6z\u00f6s csapata: L\u00e1z\u00e1r Botond, M\u00e1ty\u00e1s Andr\u00e1s, \u00d6rd\u00f6g Kinga, P\u00e9ter \u00c1kos, Szab\u00f3 Bal\u00e1zs (VIII. o.)<\/p>\n<p>II. d\u00edjas a Nagy Istv\u00e1n M\u0171v\u00e9szeti K\u00f6z\u00e9piskola \u00d6t a k\u00f6v\u00f6n nev\u0171 csapata: Bal\u00e1zs-B\u00e9csi J\u00falia, Benedek M\u00e1rton, Heron Kincs\u0151, Luk\u00e1cs S\u00e1ndor, P\u00e1ll \u00c1kos (V. o.)<\/p>\n<p>&nbsp;<br \/>\nIII. d\u00edjas a Kiss Ferenc \u00c1ltal\u00e1nos Iskola Matek(k)ecsk\u00e9k nev\u0171 csapata: Antal Armand (V. o.), Antal Hunor (IV. o.), G\u00e1l Fanni (VI. o.), Horv\u00e1t \u00c1gota (V. o.), S\u00e1ndor \u00c1kos (IV. o.)<\/strong><\/p>\n<p>Az \u00e1ltal\u00e1nos iskol\u00e1sok \u00e1ltal d\u00e9lut\u00e1n v\u00e1lasztott feladatok:<\/p>\n<p><center><br \/>\n<a href=\"http:\/\/simplexportal.ro\/wp-content\/uploads\/2017\/05\/kicsik.jpg\"><img loading=\"lazy\" src=\"http:\/\/simplexportal.ro\/wp-content\/uploads\/2017\/05\/kicsik.jpg\" alt=\"kicsik\" width=\"900\" height=\"1004\" class=\"alignnone size-medium wp-image-2651\" \/><\/a><br \/>\n<\/center><\/p>\n<p>\u00c9rdekes, hogy a k\u00f6z\u00e9piskol\u00e1sok sokkal ink\u00e1bb kock\u00e1ztattak, mint a kicsik, elv\u00e1lasztott\u00e1k az \u00f6sszes neh\u00e9z (20 \u00e9s 25 pontos) feladatot. A kicsik \u00f3vatosabban j\u00e1tszottak, \u0151k ink\u00e1bb a 10 \u00e9s 15 pontos feladatokra utaztak.<\/p>\n<p>Az eredm\u00e9nyhirdet\u00e9st k\u00f6vet\u0151en \u00e9rkezett a \u2013 m\u00e1r hagyom\u00e1nyoss\u00e1 v\u00e1lt \u2013 SimpleX torta, amib\u0151l m\u00e9g repeta is jutott kicsiknek nagyoknak egyar\u00e1nt.<\/p>\n<p>A m\u00e1r hetedik \u00e9ve az eg\u00e9sz Cs\u00edki-medenc\u00e9re kiterjed\u0151 matematikai tehets\u00e9ggondoz\u00f3 szakk\u00f6r\u00f6k, \u00e9s ez a rendezv\u00e9ny nem j\u00f6hetett volna l\u00e9tre a k\u00f6vetkez\u0151 emberek n\u00e9lk\u00fcl (z\u00e1r\u00f3jelben az \u00e9vfolyam, akikkel id\u00e9n foglalkoztak): P\u00e1ll R. Olga (IV. oszt\u00e1lyosok), Zsombori Gabriella (V. oszt\u00e1lyosok), Tam\u00e1si Csaba (VI. oszt\u00e1lyosok), Csata Lili (VII. oszt\u00e1lyosok), valamint Csap\u00f3 Hajnalka (VIII. oszt\u00e1lyosok).<\/p>\n<p>Sok IX-XII.-es, M\u00e1rton \u00c1ron F\u0151imn\u00e1ziumban tanul\u00f3 di\u00e1k v\u00e1llalt id\u00e9n is \u00f6nk\u00e9ntes munk\u00e1t, hogy a rendezv\u00e9ny olajozottan m\u0171k\u00f6dj\u00f6n. \u0150k felv\u00e1ltva, eg\u00e9sz nap seg\u00edtett\u00e9k a gyerekeket \u00e9s benn\u00fcnket. Ez\u00faton is nagyon sz\u00e9pen k\u00f6sz\u00f6nj\u00fck nekik munk\u00e1jukat!<\/p>\n<p>K\u00f6sz\u00f6nj\u00fck Andr\u00e1s Szil\u00e1rdnak a tan\u00e9v sor\u00e1n ny\u00fajtott szakmai seg\u00edts\u00e9get, D\u00e9nes Margitnak a kicsik kv\u00edz\u00e9nek lebonyol\u00edt\u00e1s\u00e1ban ny\u00fajtott seg\u00edts\u00e9g\u00e9t, a k\u00eds\u00e9r\u0151 tan\u00e1roknak, sz\u00fcl\u0151knek pedig azt, hogy egy\u00fctt t\u00f6lthett\u00fck ezt a sz\u00e9p, tartalmas napot.<\/p>\n<p>Sz\u00fclinapi rendezv\u00e9ny\u00fcnknek m\u00e9lt\u00f3bb helysz\u00edne nem is lehetett volna, mint a M\u00e1rton \u00c1ron F\u0151gimn\u00e1zium d\u00edszterme. Ez\u00faton is k\u00f6sz\u00f6nj\u00fck az iskola vezet\u0151s\u00e9g\u00e9nek, hogy ism\u00e9t rendelkez\u00e9s\u00fcnkre bocs\u00e1totta a tan\u00e9v sor\u00e1n szakk\u00f6reinknek a tantermeket, illetve nyit\u00f3 \u00e9s z\u00e1r\u00f3 rendezv\u00e9ny\u00fcnk\u00f6n a d\u00edsztermet.<\/p>\n","protected":false},"excerpt":{"rendered":"<p>Tehets\u00e9gnap a SimpleX Egyes\u00fcletn\u00e9l 2017. m\u00e1jus 22-\u00e9n k\u00fcl\u00f6nleges napra \u00e9bredt\u00fcnk mi, a SimpleX Egyes\u00fclet cs\u00edkszeredai tagjai, ugyanis az Egyes\u00fclet 10. sz\u00fclinapj\u00e1t k\u00e9sz\u00fclt\u00fcnk meg\u00fcnnepelni. \u00dcnnepl\u00e9sr\u0151l viszont csakis saj\u00e1tos st\u00edlusban lehetett sz\u00f3, fergeteges tehets\u00e9gnappal. Cs\u00edkszered\u00e1ban, a M\u00e1rton \u00c1ron F\u0151gimn\u00e1zium d\u00edszterm\u00e9ben m\u00e1r a d\u00e9lel\u0151tt folyam\u00e1n szorgoskodtak az \u00f6nk\u00e9ntes di\u00e1kok, mert egym\u00e1s ut\u00e1n k\u00e9t kv\u00edzverseny lebonyol\u00edt\u00e1s\u00e1ra v\u00e1llalkoztunk. Az els\u0151 [&hellip;]<\/p>\n","protected":false},"author":1,"featured_media":2661,"comment_status":"closed","ping_status":"closed","sticky":false,"template":"","format":"standard","meta":{"footnotes":""},"categories":[19],"tags":[],"class_list":["post-2649","post","type-post","status-publish","format-standard","has-post-thumbnail","hentry","category-tevekenysegek"],"_links":{"self":[{"href":"https:\/\/simplexportal.ro\/index.php?rest_route=\/wp\/v2\/posts\/2649","targetHints":{"allow":["GET"]}}],"collection":[{"href":"https:\/\/simplexportal.ro\/index.php?rest_route=\/wp\/v2\/posts"}],"about":[{"href":"https:\/\/simplexportal.ro\/index.php?rest_route=\/wp\/v2\/types\/post"}],"author":[{"embeddable":true,"href":"https:\/\/simplexportal.ro\/index.php?rest_route=\/wp\/v2\/users\/1"}],"replies":[{"embeddable":true,"href":"https:\/\/simplexportal.ro\/index.php?rest_route=%2Fwp%2Fv2%2Fcomments&post=2649"}],"version-history":[{"count":16,"href":"https:\/\/simplexportal.ro\/index.php?rest_route=\/wp\/v2\/posts\/2649\/revisions"}],"predecessor-version":[{"id":2674,"href":"https:\/\/simplexportal.ro\/index.php?rest_route=\/wp\/v2\/posts\/2649\/revisions\/2674"}],"wp:featuredmedia":[{"embeddable":true,"href":"https:\/\/simplexportal.ro\/index.php?rest_route=\/wp\/v2\/media\/2661"}],"wp:attachment":[{"href":"https:\/\/simplexportal.ro\/index.php?rest_route=%2Fwp%2Fv2%2Fmedia&parent=2649"}],"wp:term":[{"taxonomy":"category","embeddable":true,"href":"https:\/\/simplexportal.ro\/index.php?rest_route=%2Fwp%2Fv2%2Fcategories&post=2649"},{"taxonomy":"post_tag","embeddable":true,"href":"https:\/\/simplexportal.ro\/index.php?rest_route=%2Fwp%2Fv2%2Ftags&post=2649"}],"curies":[{"name":"wp","href":"https:\/\/api.w.org\/{rel}","templated":true}]}}