{"id":2368,"date":"2016-06-20T20:46:40","date_gmt":"2016-06-20T18:46:40","guid":{"rendered":"http:\/\/simplexportal.ro\/?p=2368"},"modified":"2016-06-25T20:01:40","modified_gmt":"2016-06-25T18:01:40","slug":"matematikatabor-kalotaszentkiralyon","status":"publish","type":"post","link":"https:\/\/simplexportal.ro\/?p=2368","title":{"rendered":"Matematikat\u00e1bor Kalotaszentkir\u00e1lyon"},"content":{"rendered":"<p>2016. j\u00fanius 18-\u00e1n d\u00e9lt\u0151l 20-\u00e1n d\u00e9lut\u00e1nig matematika t\u00e1bor zajlott Kalotaszentkir\u00e1lyon. A tev\u00e9kenys\u00e9gek a reform\u00e1tus par\u00f3kia \u00e9p\u00fclet\u00e9ben zajlottak, a sz\u00e1ll\u00e1s \u00e9s \u00e9tkez\u00e9s a P\u00fcsp\u00f6k panzi\u00f3ban volt megoldva.<br \/>\nA tev\u00e9kenys\u00e9gek a szakk\u00f6r t\u00f6bbi tev\u00e9kenys\u00e9g\u00e9hez hasonl\u00f3an egy-egy t\u00e9mak\u00f6r alaposabb k\u00f6r\u00fclj\u00e1r\u00e1s\u00e1t c\u00e9lozt\u00e1k meg. \u00cdgy dr. Luk\u00e1cs Andor (BBTE, Kolozsv\u00e1r) ir\u00e1ny\u00edt\u00e1s\u00e1val a V\u00e9gtelen lesz\u00e1ll\u00e1s elv\u00e9vel kapcsolatos feladatokat oldottak a r\u00e9sztvev\u0151k; Zsombori Gabriella (Sapientia EMTE) foglalkoz\u00e1s\u00e1n a di\u00e1kok a reductio ad absurdum \u00e9s az indirekt bizony\u00edt\u00e1s haszn\u00e1lat\u00e1ra vonatkoz\u00f3 probl\u00e9m\u00e1kat vizsg\u00e1ltak; Csap\u00f3 Hajnalka (M\u00e1rton \u00c1ron F\u0151gimn\u00e1zium) seg\u00edts\u00e9g\u00e9vel a l\u00e1nyok eur\u00f3pai olimpi\u00e1j\u00e1nak (EGMO) n\u00e9h\u00e1ny feladat\u00e1t elemezt\u00e9k; Szil\u00e1gyi Judit a trigonometria geometria alkalmaz\u00e1saival kapcsolatos feladatokat hozott \u00e9s dr. Andr\u00e1s Szil\u00e1rd egy versenyfeladat elemz\u00e9s\u00e9t, valamint n\u00e9h\u00e1ny sz\u00e1ml\u00e1l\u00e1si feladatot mutatott be a Polyuniverzum k\u00e9szlet seg\u00edts\u00e9g\u00e9vel. Az esti szabadid\u0151 alatt a r\u00e9sztvev\u0151k kipr\u00f3b\u00e1lhattak t\u00f6bb logikai t\u00e1rsasj\u00e1t\u00e9kot. <\/p>\n<p>A t\u00e1borban k\u00e9sz\u00fclt n\u00e9h\u00e1ny fot\u00f3 megtekinthet\u0151 <a href=\"https:\/\/www.facebook.com\/simplexegyesulet\/photos\/?tab=album&#038;album_id=1192323904111841\">itt.<\/a><\/p>\n<p>A 2015-2016-os tan\u00e9vben a teljes szakk\u00f6r, bele\u00e9rtve az \u00e9vz\u00e1r\u00f3 t\u00e1bort is, a Nyilas Misi Tehets\u00e9gt\u00e1mogat\u00f3 Egyes\u00fclet \u00e1ltal bonyol\u00edtott \u00e9s az Emberi Er\u0151forr\u00e1sok Miniszt\u00e9riuma megb\u00edz\u00e1s\u00e1b\u00f3l az Emberi Er\u0151forr\u00e1s T\u00e1mogat\u00e1skezel\u0151 \u00e1ltal meghirdetett NTP-HTTSZ-M-15-0008 k\u00f3dsz\u00e1m\u00fa p\u00e1ly\u00e1zati t\u00e1mogat\u00e1sb\u00f3l val\u00f3sult meg.<\/p>\n<p><center><br \/>\n<a href=\"http:\/\/simplexportal.ro\/wp-content\/uploads\/2015\/09\/EMET_logo.jpg\"><img loading=\"lazy\" class=\"alignnone size-full wp-image-1858\" alt=\"EMET_logo\" src=\"http:\/\/simplexportal.ro\/wp-content\/uploads\/2015\/09\/EMET_logo.jpg\" width=\"118\" height=\"72\" \/> <img loading=\"lazy\" class=\"alignnone size-medium wp-image-1859\" alt=\"logoEEM\" src=\"http:\/\/simplexportal.ro\/wp-content\/uploads\/2015\/09\/logoEEM.jpg\" width=\"136\" height=\"92\" \/> <img loading=\"lazy\" class=\"alignnone size-medium wp-image-1860\" alt=\"ntp\" src=\"http:\/\/simplexportal.ro\/wp-content\/uploads\/2015\/09\/ntp.jpg\" width=\"200\" height=\"50\" \/> <img loading=\"lazy\" class=\"alignnone size-medium wp-image-1861\" alt=\"nyilasm\" src=\"http:\/\/simplexportal.ro\/wp-content\/uploads\/2015\/09\/nyilasm.jpg\" width=\"180\" height=\"75\" \/><br \/>\n<\/a><\/center><\/p>\n","protected":false},"excerpt":{"rendered":"<p>2016. j\u00fanius 18-\u00e1n d\u00e9lt\u0151l 20-\u00e1n d\u00e9lut\u00e1nig matematika t\u00e1bor zajlott Kalotaszentkir\u00e1lyon. A tev\u00e9kenys\u00e9gek a reform\u00e1tus par\u00f3kia \u00e9p\u00fclet\u00e9ben zajlottak, a sz\u00e1ll\u00e1s \u00e9s \u00e9tkez\u00e9s a P\u00fcsp\u00f6k panzi\u00f3ban volt megoldva. A tev\u00e9kenys\u00e9gek a szakk\u00f6r t\u00f6bbi tev\u00e9kenys\u00e9g\u00e9hez hasonl\u00f3an egy-egy t\u00e9mak\u00f6r alaposabb k\u00f6r\u00fclj\u00e1r\u00e1s\u00e1t c\u00e9lozt\u00e1k meg. \u00cdgy dr. Luk\u00e1cs Andor (BBTE, Kolozsv\u00e1r) ir\u00e1ny\u00edt\u00e1s\u00e1val a V\u00e9gtelen lesz\u00e1ll\u00e1s elv\u00e9vel kapcsolatos feladatokat oldottak a r\u00e9sztvev\u0151k; [&hellip;]<\/p>\n","protected":false},"author":1,"featured_media":2370,"comment_status":"closed","ping_status":"closed","sticky":false,"template":"","format":"standard","meta":{"footnotes":""},"categories":[19],"tags":[],"class_list":["post-2368","post","type-post","status-publish","format-standard","has-post-thumbnail","hentry","category-tevekenysegek"],"_links":{"self":[{"href":"https:\/\/simplexportal.ro\/index.php?rest_route=\/wp\/v2\/posts\/2368","targetHints":{"allow":["GET"]}}],"collection":[{"href":"https:\/\/simplexportal.ro\/index.php?rest_route=\/wp\/v2\/posts"}],"about":[{"href":"https:\/\/simplexportal.ro\/index.php?rest_route=\/wp\/v2\/types\/post"}],"author":[{"embeddable":true,"href":"https:\/\/simplexportal.ro\/index.php?rest_route=\/wp\/v2\/users\/1"}],"replies":[{"embeddable":true,"href":"https:\/\/simplexportal.ro\/index.php?rest_route=%2Fwp%2Fv2%2Fcomments&post=2368"}],"version-history":[{"count":4,"href":"https:\/\/simplexportal.ro\/index.php?rest_route=\/wp\/v2\/posts\/2368\/revisions"}],"predecessor-version":[{"id":2389,"href":"https:\/\/simplexportal.ro\/index.php?rest_route=\/wp\/v2\/posts\/2368\/revisions\/2389"}],"wp:featuredmedia":[{"embeddable":true,"href":"https:\/\/simplexportal.ro\/index.php?rest_route=\/wp\/v2\/media\/2370"}],"wp:attachment":[{"href":"https:\/\/simplexportal.ro\/index.php?rest_route=%2Fwp%2Fv2%2Fmedia&parent=2368"}],"wp:term":[{"taxonomy":"category","embeddable":true,"href":"https:\/\/simplexportal.ro\/index.php?rest_route=%2Fwp%2Fv2%2Fcategories&post=2368"},{"taxonomy":"post_tag","embeddable":true,"href":"https:\/\/simplexportal.ro\/index.php?rest_route=%2Fwp%2Fv2%2Ftags&post=2368"}],"curies":[{"name":"wp","href":"https:\/\/api.w.org\/{rel}","templated":true}]}}