{"id":1817,"date":"2015-06-08T17:06:25","date_gmt":"2015-06-08T15:06:25","guid":{"rendered":"http:\/\/simplexportal.ro\/?p=1817"},"modified":"2015-06-08T17:06:54","modified_gmt":"2015-06-08T15:06:54","slug":"matematikai-tehetsegnap-csikszeredaban-a-simplex-egyesulet-szervezeseben","status":"publish","type":"post","link":"https:\/\/simplexportal.ro\/?p=1817","title":{"rendered":"Matematikai tehets\u00e9gnap Cs\u00edkszered\u00e1ban a SimpleX Egyes\u00fclet szervez\u00e9s\u00e9ben"},"content":{"rendered":"<p>2015. j\u00fanius 6-\u00e1n, Cs\u00edkszered\u00e1ban a M\u00e1rton \u00c1ron Gimn\u00e1ziumban a SimpleX Egyes\u00fclet szervezett matematikai tehets\u00e9gnapot, amelyen t\u00f6bb, mint 100, a Cs\u00edki-medence iskol\u00e1iban tanul\u00f3 IV-VIII. oszt\u00e1lyos di\u00e1k vett r\u00e9szt az \u0151ket k\u00eds\u00e9r\u0151 tan\u00e1rokkal, sz\u00fcl\u0151kkel. A rendezv\u00e9ny a SimpleX Egyes\u00fclet \u00e1ltal a tan\u00e9v sor\u00e1n, k\u00e9thetente tartott szakk\u00f6r\u00f6k z\u00e1r\u00f3\u00fcnnep\u00e9lye volt, de ugyanakkor nyitott volt mindenki sz\u00e1m\u00e1ra, \u00edgy a cs\u00edkszeredai, cs\u00edkr\u00e1kosi, cs\u00edkszentimrei, b\u00e1nkfalvi csapatok mellett volt r\u00e9sztvev\u0151 csapat Kib\u00e9dr\u0151l \u00e9s Vargyasr\u00f3l is, illetve a csapatokon k\u00edv\u00fcl az eg\u00e9sz cs\u00edki medenc\u00e9b\u0151l \u00e9rkeztek \u00e9rdekl\u0151d\u0151, seg\u00edt\u0151 gyerekek. A rendezv\u00e9ny els\u0151 r\u00e9sz\u00e9t a kv\u00edz verseny jelentette, ahol 20 csapat m\u00e9rte \u00f6ssze a tal\u00e1l\u00e9konys\u00e1g\u00e1t a k\u00f6vetkez\u0151 t\u00e9mak\u00f6r\u00f6kben: geometria, logikai feladatok, gyufarejtv\u00e9nyek, sz\u00e1ml\u00e1l\u00e1si feladatok, becsl\u00e9sek, illetve egy meglepet\u00e9seket tartalmaz\u00f3 kateg\u00f3ri\u00e1ban. Ez alatt a t\u00f6bbi \u00e9rdekl\u0151d\u0151nek logikai j\u00e1tsz\u00f3h\u00e1zban volt lehet\u0151s\u00e9ge k\u00fcl\u00f6nb\u00f6z\u0151 logikai j\u00e1t\u00e9kokat kipr\u00f3b\u00e1lni. A kv\u00edz verseny ut\u00e1n \u00f6t alternat\u00edv matematikai foglalkoz\u00e1s v\u00e1rta az r\u00e9sztvev\u0151ket. A kicsik (I-IV. oszt\u00e1ly) k\u00eds\u00e9rleteztek \u00e9s a matematikai modellez\u00e9s alapjaival ismerkedtek t\u00f6lt\u00f6get\u00e9sek seg\u00edts\u00e9g\u00e9vel Zsombori Gabriella \u00e9s Csata Lili ir\u00e1ny\u00edt\u00e1s\u00e1val. Az V. oszt\u00e1lyosok t\u00f6bbek k\u00f6z\u00f6tt a p\u00fcnk\u00f6sdi b\u00facs\u00fa r\u00e9sztvev\u0151inek sz\u00e1m\u00e1ra adtak becsl\u00e9st Lengyel-Fischer \u00c1gnes vezet\u00e9s\u00e9vel. A VI. oszt\u00e1lyos di\u00e1kok a Babe\u0219-Bolyai Tudom\u00e1nyegyetem n\u00e9h\u00e1ny mesteris hallgat\u00f3j\u00e1nak t\u00e1rsas\u00e1g\u00e1ban karton darabokb\u00f3l f\u00e1t raktak \u00e9s ragasztottak \u00f6ssze D\u00e9nes Margit koordin\u00e1l\u00e1s\u00e1val. VII. oszt\u00e1lyban Tam\u00e1si Csaba tartott sz\u00e1m\u00edt\u00f3g\u00e9pes Geogebra foglalkoz\u00e1st, ahol a kv\u00edz verseny n\u00e9h\u00e1ny feladat\u00e1t vizsg\u00e1lt\u00e1k meg. A VIII. oszt\u00e1lyos, illetve a M\u00e1rton \u00c1ron Gimn\u00e1zium IX-XI.-es di\u00e1kjai, akik ak\u00e1r az iskolai kir\u00e1ndul\u00e1sr\u00f3l lemondva, \u00f6nk\u00e9ntesk\u00e9nt seg\u00edtett\u00e9k a rendezv\u00e9ny lebonyol\u00edt\u00e1s\u00e1t, k\u00e1rtyatr\u00fckk megfejt\u00e9s\u00e9vel \u00e9s \u00faj k\u00e1rtyatr\u00fckk tervez\u00e9s\u00e9vel foglalkoztak Andr\u00e1s Szil\u00e1rd fel\u00fcgyelete mellett. A rendezv\u00e9ny egyben az \u00e1ltal\u00e1nos iskolai tanul\u00f3kra, valamint az eg\u00e9sz cs\u00edki medenc\u00e9re 2010-ben kiterjesztett szakk\u00f6r\u00f6k \u00f6t \u00e9ves \u00fcnnepi rendezv\u00e9nye volt, amelyen egy\u00fctt \u00fcnnepeltek a szakk\u00f6r\u00f6k jelenlegi \u00e9s volt tagjai. Erre az alkalomra az egyes\u00fclet tagjai egy \u00f6sszefoglal\u00f3 jelleg\u0171 kiadv\u00e1nyt is k\u00e9sz\u00edtettek, amely seg\u00edts\u00e9g\u00e9vel egyr\u00e9szt \u00edzel\u00edt\u0151t pr\u00f3b\u00e1ltak ny\u00fajtani a szakk\u00f6r\u00f6kb\u0151l, alternat\u00edv matematikatan\u00edt\u00e1si k\u00eds\u00e9rletekb\u0151l, valamint az egy\u00e9b jelleg\u0171 tev\u00e9kenys\u00e9geikb\u0151l (tananyagfejleszt\u00e9s, didaktikai kutat\u00e1sok), m\u00e1sr\u00e9szt az erd\u00e9lyi tehets\u00e9g\u00e1pol\u00e1s n\u00e9h\u00e1ny probl\u00e9m\u00e1j\u00e1ra h\u00edvj\u00e1k fel a figyelmet, konkr\u00e9t megold\u00e1sokat keresve, esetleg aj\u00e1nlva. A program r\u00e9sze volt a k\u00f6z\u00f6s eb\u00e9d, a hagyom\u00e1nyoss\u00e1 v\u00e1lt SimpleX-torta elfogyaszt\u00e1sa \u00e9s az eredm\u00e9nyhirdet\u00e9s, \u00e9rt\u00e9kel\u00e9s. A SimpleX Egyes\u00fclet region\u00e1lis szakk\u00f6rei az Erd\u00e9lyi Tehets\u00e9gseg\u00edt\u0151 Tan\u00e1cs \u00e1ltal kiemelt j\u00f3 gyakorlatnak sz\u00e1m\u00edtanak, arra pr\u00f3b\u00e1lj\u00e1k felh\u00edvni a figyelmet, hogy a kooperat\u00edv munk\u00e1t ne csak a di\u00e1kok k\u00f6r\u00e9ben pr\u00f3b\u00e1ljuk meg alkalmazni, hanem a tan\u00e1ri munka sor\u00e1n is akn\u00e1zzuk ki ennek el\u0151nyeit. A szakk\u00f6r\u00f6k egy r\u00e9sze \u00e9s a z\u00e1r\u00f3 rendezv\u00e9ny az Emberi Er\u0151forr\u00e1sok Miniszt\u00e9riuma megb\u00edz\u00e1s\u00e1b\u00f3l az Oktat\u00e1skutat\u00f3 \u00e9s Fejleszt\u0151 Int\u00e9zet \u00e9s az Emberi Er\u0151forr\u00e1s T\u00e1mogat\u00e1skezel\u0151 \u00e1ltal meghirdetett NTP-HTP-M-14-0005 k\u00f3dsz\u00e1m\u00fa p\u00e1ly\u00e1zati t\u00e1mogat\u00e1s\u00e1b\u00f3l val\u00f3sultak meg.<br \/>\nA tov\u00e1bbiakban a ki\u00e9rt\u00e9kel\u0151 k\u00e9rd\u0151\u00edveken megjelent v\u00e9lem\u00e9nyek k\u00f6z\u00fcl v\u00e1logattunk n\u00e9h\u00e1nyat.<br \/>\n\t\u00c9rdekes volt l\u00e1tni, ahogy a csapatok tudtak csapatk\u00e9nt dolgozni \u00e9s egy\u00fctt \u00f6r\u00fclni. J\u00f3 volt l\u00e1tni, ahogy a tan\u00e1rok k\u00f6zel ker\u00fclnek a di\u00e1kokhoz \u00e9s egy m\u00e1s t\u00edpus\u00fa tan\u00edt\u00e1si m\u00f3dszert alkalmaznak sikeresen. (Mikl\u00f3s Ervin, sz\u00fcl\u0151)<br \/>\n\t\u2026 az emberek kedvesek voltak, a feladatok pedig \u00e9rdekesek (Kolumb\u00e1n Karola, VI. oszt\u00e1ly)<br \/>\n\tSzerencs\u00e9re nem kellett gondolkodni, csak logik\u00e1zni. (Kurk\u00f3 Edu\u00e1rd, VII. oszt\u00e1ly)<br \/>\n\t\u2026a foglalkoz\u00e1sokon nagyon j\u00f3l \u00e9reztem magam \u00e9s \u00e9n is ilyen iskol\u00e1ba akarok j\u00e1rni. (Szab\u00f3 Hunor, VII. oszt\u00e1ly)<br \/>\n\tNagyon j\u00f3l \u00e9reztem magam, mert n\u00e1lunk otthon nincs ilyen. (Korondi Zs\u00f3fia, VII. oszt\u00e1ly)<br \/>\n\tA feladatok el\u00e9g nehezek voltak, de kis gondolkod\u00e1s ut\u00e1n, a csapattal k\u00f6z\u00f6sen hamar megoldottuk. Mindent el fogok mes\u00e9lni otthon, ami \u00e9rdekes volt, teh\u00e1t mindent. (M\u00e1th\u00e9 Edina, IV. oszt\u00e1ly)<br \/>\nNagyon j\u00f3 volt seg\u00edteni a verseny lebonyol\u00edt\u00e1s\u00e1ban, vag\u00e1ny volt az eg\u00e9sz! (B\u00edr\u00f3 Bogl\u00e1rka, IX. oszt\u00e1ly)<\/p>\n","protected":false},"excerpt":{"rendered":"<p>2015. j\u00fanius 6-\u00e1n, Cs\u00edkszered\u00e1ban a M\u00e1rton \u00c1ron Gimn\u00e1ziumban a SimpleX Egyes\u00fclet szervezett matematikai tehets\u00e9gnapot, amelyen t\u00f6bb, mint 100, a Cs\u00edki-medence iskol\u00e1iban tanul\u00f3 IV-VIII. oszt\u00e1lyos di\u00e1k vett r\u00e9szt az \u0151ket k\u00eds\u00e9r\u0151 tan\u00e1rokkal, sz\u00fcl\u0151kkel. A rendezv\u00e9ny a SimpleX Egyes\u00fclet \u00e1ltal a tan\u00e9v sor\u00e1n, k\u00e9thetente tartott szakk\u00f6r\u00f6k z\u00e1r\u00f3\u00fcnnep\u00e9lye volt, de ugyanakkor nyitott volt mindenki sz\u00e1m\u00e1ra, \u00edgy a cs\u00edkszeredai, [&hellip;]<\/p>\n","protected":false},"author":1,"featured_media":1818,"comment_status":"closed","ping_status":"closed","sticky":false,"template":"","format":"standard","meta":{"footnotes":""},"categories":[19],"tags":[],"class_list":["post-1817","post","type-post","status-publish","format-standard","has-post-thumbnail","hentry","category-tevekenysegek"],"_links":{"self":[{"href":"https:\/\/simplexportal.ro\/index.php?rest_route=\/wp\/v2\/posts\/1817","targetHints":{"allow":["GET"]}}],"collection":[{"href":"https:\/\/simplexportal.ro\/index.php?rest_route=\/wp\/v2\/posts"}],"about":[{"href":"https:\/\/simplexportal.ro\/index.php?rest_route=\/wp\/v2\/types\/post"}],"author":[{"embeddable":true,"href":"https:\/\/simplexportal.ro\/index.php?rest_route=\/wp\/v2\/users\/1"}],"replies":[{"embeddable":true,"href":"https:\/\/simplexportal.ro\/index.php?rest_route=%2Fwp%2Fv2%2Fcomments&post=1817"}],"version-history":[{"count":1,"href":"https:\/\/simplexportal.ro\/index.php?rest_route=\/wp\/v2\/posts\/1817\/revisions"}],"predecessor-version":[{"id":1821,"href":"https:\/\/simplexportal.ro\/index.php?rest_route=\/wp\/v2\/posts\/1817\/revisions\/1821"}],"wp:featuredmedia":[{"embeddable":true,"href":"https:\/\/simplexportal.ro\/index.php?rest_route=\/wp\/v2\/media\/1818"}],"wp:attachment":[{"href":"https:\/\/simplexportal.ro\/index.php?rest_route=%2Fwp%2Fv2%2Fmedia&parent=1817"}],"wp:term":[{"taxonomy":"category","embeddable":true,"href":"https:\/\/simplexportal.ro\/index.php?rest_route=%2Fwp%2Fv2%2Fcategories&post=1817"},{"taxonomy":"post_tag","embeddable":true,"href":"https:\/\/simplexportal.ro\/index.php?rest_route=%2Fwp%2Fv2%2Ftags&post=1817"}],"curies":[{"name":"wp","href":"https:\/\/api.w.org\/{rel}","templated":true}]}}