{"id":1706,"date":"2014-11-10T12:01:47","date_gmt":"2014-11-10T10:01:47","guid":{"rendered":"http:\/\/simplexportal.ro\/?p=1706"},"modified":"2014-11-10T12:09:54","modified_gmt":"2014-11-10T10:09:54","slug":"bemutato-a-varga-tamas-modszertani-napokon","status":"publish","type":"post","link":"https:\/\/simplexportal.ro\/?p=1706","title":{"rendered":"Bemutat\u00f3 a Varga Tam\u00e1s m\u00f3dszertani napokon"},"content":{"rendered":"<p>2014. november 7-\u00e9n \u00e9s 8-\u00e1n a Bolyai J\u00e1nos Matematikai T\u00e1rsulat \u00e9s az ELTE TTK  Matematikatan\u00edt\u00e1si \u00e9s M\u00f3dszertani K\u00f6zpontja szervezte meg Budapesten a<a href=\"http:\/\/mathdid.elte.hu\/html\/vtn.html\"> Varga Tam\u00e1s m\u00f3dszertani napokat<\/a>. A rendezv\u00e9nyt 1989 \u00f3ta minden \u00e9vben megszervezik, \u00e9s minden \u00e9vben vannak szakmailag n\u00edv\u00f3s el\u0151ad\u00e1sok. Az idei rendezv\u00e9ny f\u0151 el\u0151ad\u00f3i: Dieter Wickmann (N\u00e9metorsz\u00e1g, el\u0151ad\u00e1s\u00e1nak c\u00edme: Statisztikailag megalapozott kijelent\u00e9sek sz\u00f6vegek ismeretlen szerz\u00f5ir\u00f5l, De\u00e1k Ervin (Budapest, el\u0151ad\u00e1s\u00e1nak c\u00edme: Sz\u00e1m \u00e9s ritmus) \u00e9s Ambrus Andr\u00e1s (Budapest, el\u0151ad\u00e1s\u00e1nak c\u00edme: A kognit\u00edv terhel\u00e9selm\u00e9let \u00e9s a matematikatanul\u00e1s-tan\u00edt\u00e1s kapcsolata). A SimpleX Egyes\u00fclet n\u00e9gy tagja is r\u00e9szt vett a konferenci\u00e1n (Szil\u00e1gyi Judit, Nagy \u00d6rs, Kocsis Zsuzs\u00e1nna, Andr\u00e1s Szil\u00e1rd) \u00e9s a ,,Nemzetk\u00f6zi kitekint\u00e9s &#8211; hazai \u00f6tletek&#8221; szekci\u00f3ban a BBTE keret\u00e9n bel\u00fcl zajl\u00f3 Mascil projekt, a SimpleX egyes\u00fclet illetve a B\u00e1thory Istv\u00e1n L\u00edceum k\u00f6zrem\u0171k\u00f6d\u00e9s\u00e9vel kivitelezett k\u00e9t didaktikai mikrok\u00eds\u00e9rletr\u0151l tartottak el\u0151ad\u00e1st. Az bemutat\u00f3n haszn\u00e1lt prezent\u00e1ci\u00f3 el\u00e9rhet\u0151 <a href=\"http:\/\/simplexportal.ro\/dokumentumok\/VTbemutatoopt.pdf\">itt<\/a>.<\/p>\n<p><a href=\"http:\/\/simplexportal.ro\/wp-content\/uploads\/2014\/11\/dieter.jpg\"><img loading=\"lazy\" src=\"http:\/\/simplexportal.ro\/wp-content\/uploads\/2014\/11\/dieter-300x224.jpg\" alt=\"dieter\" width=\"300\" height=\"224\" class=\"aligncenter size-medium wp-image-1711\" srcset=\"https:\/\/simplexportal.ro\/wp-content\/uploads\/2014\/11\/dieter-300x224.jpg 300w, https:\/\/simplexportal.ro\/wp-content\/uploads\/2014\/11\/dieter-1024x764.jpg 1024w, https:\/\/simplexportal.ro\/wp-content\/uploads\/2014\/11\/dieter.jpg 1280w\" sizes=\"auto, (max-width: 300px) 100vw, 300px\" \/><\/a><\/p>\n<p>Dieter Wickmann el\u0151ad\u00e1sa a sz\u00f6vegek szerz\u0151inek statisztikai m\u00f3dszerekkel t\u00f6rt\u00e9n\u0151 azonos\u00edt\u00e1si lehet\u0151s\u00e9geir\u0151l (Vancs\u00f3 \u00d6d\u00f6n ford\u00edt\u00e1s\u00e1ban).  <\/p>\n<p><a href=\"http:\/\/simplexportal.ro\/wp-content\/uploads\/2014\/11\/ervin.jpg\"><img loading=\"lazy\" src=\"http:\/\/simplexportal.ro\/wp-content\/uploads\/2014\/11\/ervin-300x224.jpg\" alt=\"ervin\" width=\"300\" height=\"224\" class=\"aligncenter size-medium wp-image-1712\" srcset=\"https:\/\/simplexportal.ro\/wp-content\/uploads\/2014\/11\/ervin-300x224.jpg 300w, https:\/\/simplexportal.ro\/wp-content\/uploads\/2014\/11\/ervin-1024x764.jpg 1024w, https:\/\/simplexportal.ro\/wp-content\/uploads\/2014\/11\/ervin.jpg 1280w\" sizes=\"auto, (max-width: 300px) 100vw, 300px\" \/><\/a><\/p>\n<p>De\u00e1k Ervin el\u0151ad\u00e1sa a korai matematikai nevel\u00e9sr\u0151l<\/p>\n<p><a href=\"http:\/\/simplexportal.ro\/wp-content\/uploads\/2014\/11\/ambrus.jpg\"><img loading=\"lazy\" src=\"http:\/\/simplexportal.ro\/wp-content\/uploads\/2014\/11\/ambrus-300x199.jpg\" alt=\"ambrus\" width=\"300\" height=\"199\" class=\"aligncenter size-medium wp-image-1710\" srcset=\"https:\/\/simplexportal.ro\/wp-content\/uploads\/2014\/11\/ambrus-300x199.jpg 300w, https:\/\/simplexportal.ro\/wp-content\/uploads\/2014\/11\/ambrus-1024x682.jpg 1024w, https:\/\/simplexportal.ro\/wp-content\/uploads\/2014\/11\/ambrus.jpg 1280w\" sizes=\"auto, (max-width: 300px) 100vw, 300px\" \/><\/a><\/p>\n<p>Ambrus Andr\u00e1s el\u0151ad\u00e1sa a kognit\u00edv terhel\u00e9s \u00e9s a matematika tan\u00edt\u00e1s\u00e1nak \u00f6sszef\u00fcgg\u00e9seir\u0151l.<\/p>\n","protected":false},"excerpt":{"rendered":"<p>2014. november 7-\u00e9n \u00e9s 8-\u00e1n a Bolyai J\u00e1nos Matematikai T\u00e1rsulat \u00e9s az ELTE TTK Matematikatan\u00edt\u00e1si \u00e9s M\u00f3dszertani K\u00f6zpontja szervezte meg Budapesten a Varga Tam\u00e1s m\u00f3dszertani napokat. A rendezv\u00e9nyt 1989 \u00f3ta minden \u00e9vben megszervezik, \u00e9s minden \u00e9vben vannak szakmailag n\u00edv\u00f3s el\u0151ad\u00e1sok. Az idei rendezv\u00e9ny f\u0151 el\u0151ad\u00f3i: Dieter Wickmann (N\u00e9metorsz\u00e1g, el\u0151ad\u00e1s\u00e1nak c\u00edme: Statisztikailag megalapozott kijelent\u00e9sek sz\u00f6vegek ismeretlen [&hellip;]<\/p>\n","protected":false},"author":1,"featured_media":1708,"comment_status":"closed","ping_status":"closed","sticky":false,"template":"","format":"standard","meta":{"footnotes":""},"categories":[1],"tags":[],"class_list":["post-1706","post","type-post","status-publish","format-standard","has-post-thumbnail","hentry","category-uncategorized"],"_links":{"self":[{"href":"https:\/\/simplexportal.ro\/index.php?rest_route=\/wp\/v2\/posts\/1706","targetHints":{"allow":["GET"]}}],"collection":[{"href":"https:\/\/simplexportal.ro\/index.php?rest_route=\/wp\/v2\/posts"}],"about":[{"href":"https:\/\/simplexportal.ro\/index.php?rest_route=\/wp\/v2\/types\/post"}],"author":[{"embeddable":true,"href":"https:\/\/simplexportal.ro\/index.php?rest_route=\/wp\/v2\/users\/1"}],"replies":[{"embeddable":true,"href":"https:\/\/simplexportal.ro\/index.php?rest_route=%2Fwp%2Fv2%2Fcomments&post=1706"}],"version-history":[{"count":7,"href":"https:\/\/simplexportal.ro\/index.php?rest_route=\/wp\/v2\/posts\/1706\/revisions"}],"predecessor-version":[{"id":1718,"href":"https:\/\/simplexportal.ro\/index.php?rest_route=\/wp\/v2\/posts\/1706\/revisions\/1718"}],"wp:featuredmedia":[{"embeddable":true,"href":"https:\/\/simplexportal.ro\/index.php?rest_route=\/wp\/v2\/media\/1708"}],"wp:attachment":[{"href":"https:\/\/simplexportal.ro\/index.php?rest_route=%2Fwp%2Fv2%2Fmedia&parent=1706"}],"wp:term":[{"taxonomy":"category","embeddable":true,"href":"https:\/\/simplexportal.ro\/index.php?rest_route=%2Fwp%2Fv2%2Fcategories&post=1706"},{"taxonomy":"post_tag","embeddable":true,"href":"https:\/\/simplexportal.ro\/index.php?rest_route=%2Fwp%2Fv2%2Ftags&post=1706"}],"curies":[{"name":"wp","href":"https:\/\/api.w.org\/{rel}","templated":true}]}}