{"id":237,"date":"2011-08-17T20:21:56","date_gmt":"2011-08-17T20:21:56","guid":{"rendered":"http:\/\/simplexportal.ro\/?p=237"},"modified":"2013-10-16T20:02:38","modified_gmt":"2013-10-16T18:02:38","slug":"zsombori-gabriella","status":"publish","type":"post","link":"http:\/\/simplexportal.ro\/?p=237","title":{"rendered":"Zsombori Gabriella"},"content":{"rendered":"<p>Nevem Zsombori Gabriella, Sz\u00e9pv\u00edzen \u00e9lek, Cs\u00edkszered\u00e1ban dolgozok, P\u00e9ternek \u00e9s Ann\u00e1nak vagyok az \u00e9desanyja.<br \/>\nGy\u00f6ny\u00f6r\u0171 gyerekkorom volt, mivel mind a k\u00e9t dolgot, amit nagyon szeretek<br \/>\ncsin\u00e1lhattam. S\u00edzhettem \u00e9s matekezhettem. Az \u00f3vod\u00e1ban nagycsoportban v\u00e1lsztottak ki<br \/>\ns\u00edzni, mert j\u00f3 magas voltam (az\u00f3ta sem tudom, hogy ez mi\u00e9rt kiv\u00e1laszt\u00e1si krit\u00e9rium<br \/>\nalpesi s\u00edz\u00e9sre :)). A sz\u00e1raz edz\u00e9sek\u00e9rt nem voltam t\u00falzottan oda, viszont az\u00f3ta<br \/>\nim\u00e1dom a s\u00edz\u00e9st, ami\u00f3ta el\u0151sz\u00f6r l\u00e9cre \u00e1lltam.<br \/>\nA matematik\u00e1val ez egy kicsit m\u00e1sk\u00e9pp alakult. M\u00e1r \u00f6t\u00e9vesen megtan\u00edtott \u00e9desap\u00e1m<br \/>\n\u00f6sszeadni, kivonni, szorozni \u00e9s odatett, hogy n\u00e9gy jegy\u0171 sz\u00e1mot n\u00e9gy jegy\u0171 sz\u00e1mmal<br \/>\nszorozzak. Minden nap el kellett v\u00e9gezzek n\u00e9gy ilyen szorz\u00e1st. Ennek a tot\u00e1lis<br \/>\nagymos\u00e1snak \u2013 az\u00f3ta sem tudok rendesen fejben sz\u00e1molni, sokszor kell haszn\u00e1ljam a<br \/>\npap\u00edrt, ceruz\u00e1t \u00e9s az ujjaimat \u2013 a rendszeres munk\u00e1ra val\u00f3 szoktat\u00e1s volt a f\u0151<br \/>\nc\u00e9lja \u00e9s k\u00f6r\u00fclbel\u00fcl 3. oszt\u00e1lyig ut\u00e1ltam is az eg\u00e9szet tiszta sz\u00edvemb\u0151l. Azt\u00e1n<br \/>\nfelfedeztem a Matematikai Lapokat. Ap\u00e1m buzg\u00f3n j\u00e1ratta a Gazeta Matematic\u0103-vel<br \/>\negy\u00fctt, \u00e9s \u00e9n alig v\u00e1rtam, hogy k\u00e9zhez kaphassam h\u00f3napr\u00f3l h\u00f3napra, megoldhassam a<br \/>\nkit\u0171z\u00f6tt feladatokat \u00e9s sz\u00e9pen le\u00edrhassam. Az elk\u00fcld\u00e9ssel voltak nagyobb gondok:<br \/>\nsokszor a bor\u00edt\u00e9kban maradtak a megoldott feladatok h\u00f3napokig.<br \/>\n\u00c9s \u00edgy teltek gyerekkorom \u00e9vei, versenyszer\u0171en s\u00edztem \u00e9s oldottam a Matek Lapos<br \/>\nfeladatokat. Az\u00e9rt matekversenyekre is elj\u00e1rogattam m\u00e1r az els\u0151 perct\u0151l, \u00e9s nagyon<br \/>\n\u00e9lveztem. Eml\u00e9kszem, hogy 4. oszt\u00e1lyban voltam az els\u0151 matekversenyen, ahol a<br \/>\nlegnehezebb feladatot \u2013 farmos feladat volt sok \u00e1llat l\u00e1bbal \u00e9s fejjel \u2013<br \/>\negyenletrendszerrel oldottam meg \u00e9s a tan\u00edt\u00f3 n\u00e9nik nem tudt\u00e1k kijav\u00edtani, matek<br \/>\ntan\u00e1rt kellett h\u00edvjanak seg\u00edts\u00e9g\u00fcl. Ekkor rend\u00fclt meg legel\u0151sz\u00f6r a bizalmam a<br \/>\npedag\u00f3gusokban \ud83d\ude42<br \/>\nMivel a matekversenyek mindig a s\u00edszezonban voltak, sokszor volt neh\u00e9z<br \/>\n\u00f6sszeegyeztetni a k\u00e9t versenynapt\u00e1rt. Eml\u00e9kszem, hogy k\u00e9tszer is kellett olyan<br \/>\nd\u00f6nt\u00e9st hozzak, hogy most akkor matek orsz\u00e1gosra megyek, vagy a legrangosabb<br \/>\nolaszorsz\u00e1gi gyerekversenyre a s\u00edv\u00e1logatottal. Egyik \u00e9vben Olaszorsz\u00e1got<br \/>\nv\u00e1lasztottam, a versenyt hirtelen h\u00f3olvad\u00e1s miatt lef\u00fajt\u00e1k \u00e9s minket Budapestr\u0151l<br \/>\n(od\u00e1ig jutottunk el) hazatereltek, k\u00f6zben meg el\u00faszott a matek orsz\u00e1gos.<br \/>\nDe volt olyan \u00e9v is, hogy orsz\u00e1gos bajnok lettem \u00f3ri\u00e1sm\u0171les\u00edkl\u00e1sban, fel\u00fcltem a<br \/>\nvonatra, hazamentem a m\u00e1snap megrendezend\u0151 megyei matek tant\u00e1rgyversenyre,<br \/>\nmegnyertem, d\u00e9lut\u00e1n ism\u00e9t fel\u00fcltem a vonatra, vissza Prede\u00e1lra, \u00e9s m\u00e1snap orsz\u00e1gos<br \/>\nbajnok lettem m\u0171les\u00edkl\u00e1sban. Erre olyan j\u00f3 volt visszagondolni, amikor h\u00f3napokig<br \/>\ngipszben volt a l\u00e1bam l\u00e1bujjhegyt\u0151l combk\u00f6z\u00e9pig, k\u00f6zben pedig elmentem a matek<br \/>\nmegyeire, de ott sem jutottam tov\u00e1bb \ud83d\ude42<br \/>\n\u00c9letem egyik f\u00e9nypontja, hogy 9. oszt\u00e1lyban megismertem Csap\u00f3 Hajnalk\u00e1t \u00e9s Andr\u00e1s<br \/>\nSzil\u00e1rdot. K\u00e9t fantasztikus emberr\u0151l van sz\u00f3, akik min\u0151s\u00e9gileg rengeteget<br \/>\njav\u00edtottak az \u00e9letemen, \u00e9s mindig is megtisztelve fogom \u00e9rezni magam, hogy a<br \/>\nbar\u00e1taimnak mondhatom \u0151ket. Szil\u00e1rdot \u2013 aki akkor m\u00e9g di\u00e1k volt a M\u00e1rton \u00c1ron<br \/>\nGimn\u00e1ziumban &#8211; az \u00e1ltala tartott matekk\u00f6r\u00f6knek k\u00f6sz\u00f6nhet\u0151en volt szerencs\u00e9m<br \/>\nmegismerni, Hajnival pedig egy\u00fctt j\u00e1rogattunk matekversenyekre. Szil\u00e1rd egy<br \/>\nteljesen \u00faj vil\u00e1got t\u00e1rt fel el\u0151ttem, el\u0151tt\u00fcnk, megmutatta, hogy mit jelent igaz\u00e1n<br \/>\nszeretni \u00e9s m\u0171velni a matematik\u00e1t. Az edz\u0151t\u00e1borok miatt sok matek k\u00f6rr\u0151l<br \/>\nlemaradtam, de ann\u00e1l nagyobb \u00e9lm\u00e9ny volt, amikor egyre v\u00e9gre eljutottam.<br \/>\nErd\u0151s P\u00e1lr\u00f3l mondt\u00e1k, hogy az \u00e9p\u00fclet kapus\u00e1val &#8211; ahov\u00e1 \u00e9ppen bement \u2013 is cikket<br \/>\n\u00edrt. Szil\u00e1rd is pont ezt csin\u00e1lta. Ahol \u00e9ppen tart\u00f3zkodott &#8211; lehetett az<br \/>\nCs\u00edkszereda, Sz\u00e9kelyudvarhely, Marosv\u00e1s\u00e1rhely, Kolozsv\u00e1r vagy \u00e9ppen a vonat<br \/>\nC\u00e2mpulung Muscel fele &#8211; di\u00e1kokkal, tan\u00e1rokkal dolgozott egy\u00fctt, pr\u00f3b\u00e1lta bel\u0151l\u00fck a<br \/>\nlegjobbat kihozni.<br \/>\nMatekk\u00f6r\u00f6k\u00f6n, matekversenyeken, \u2013 \u00e9s itt kiemelt szerepet kap a Nemzetk\u00f6zi Magyar<br \/>\nMatematikaverseny \u2013 valamint Szil\u00e1rd lak\u00e1s\u00e1n matekezve \u00e9rezhette az ember<br \/>\nlegink\u00e1bb, hogy j\u00f3 helyen tart\u00f3zkodik, olyan emberek k\u00f6z\u00f6tt lehet, akik sok<br \/>\nszempontb\u00f3l pont olyanok mint \u0151, nem hi\u00e1ba voltak ezek \u00e9letre sz\u00f3l\u00f3 bar\u00e1ts\u00e1gok<br \/>\nk\u00f6t\u0151d\u00e9s\u00e9nek helysz\u00ednei.<br \/>\nAmiut\u00e1n \u00e1testem az \u0171rhaj\u00f3s, orvosos, rend\u0151r n\u00e9nis, kuk\u00e1s aut\u00f3s f\u00e1zison, k\u00f6r\u00fclbel\u00fcl<br \/>\n4. oszt\u00e1lyos korom \u00f3ta matektan\u00e1r szerettem volna lenni. \u00dagyhogy ez adott volt,<br \/>\nkil\u00e9pni nem lehetett bel\u0151le \ud83d\ude42 K\u00f6z\u00e9piskol\u00e1ban t\u00f6bb tudom\u00e1nyos \u00fcl\u00e9sszak alkalm\u00e1val &#8211;<br \/>\nahol mindig jelentkeztem valamilyen dolgozattal \u2013 kaptam tan\u00e1rokt\u00f3l karrier<br \/>\ntippeket. Gondolkozt\u00e1l a tan\u00e1ri p\u00e1ly\u00e1n? Nagyon j\u00f3 el\u0151ad\u00f3 vagy. \u00c9n meg \u00f6rvendtem,<br \/>\nhogy tetszett nekik a produkci\u00f3m \u00e9s gondoltam, ha m\u00e9g \u0151k is azt mondj\u00e1k, csak nem<br \/>\nlenn\u00e9k olyan t\u00fal rossz tan\u00e1rnak.<br \/>\nAzt\u00e1n matematik\u00e1t v\u00e9geztem Kolozsv\u00e1ron. Tan\u00edtott Szil\u00e1rd, Hajnival szobat\u00e1rsak<br \/>\nlett\u00fcnk egy darabig a bentlak\u00e1sban, sz\u00f3val sz\u00e9p \u00e9vek voltak. Szil\u00e1rdt\u00f3l pedig<br \/>\nterm\u00e9szetesen Kolozsv\u00e1ron sem lehetett \u201cmegszabadulni\u201d. Egyfolyt\u00e1ban munk\u00e1t adott.<br \/>\nBevont minket tank\u00f6nyvek \u00edr\u00e1s\u00e1ba, matekversenyek feladatainak megszerkeszt\u00e9s\u00e9be,<br \/>\nilletve verseny ut\u00e1ni kijav\u00edt\u00e1s\u00e1ba \u00e9s m\u00e9g az els\u0151 munkahelyemet is Szil\u00e1rd<br \/>\naj\u00e1nlotta nekem.<br \/>\nAm\u00fagy dolgoztam k\u00e9t \u00e9vet \u00f3raad\u00f3 tan\u00e1rk\u00e9nt a Babe\u0219-Bolyai Tudom\u00e1nyegyetem k\u00f6zg\u00e1z<br \/>\nkar\u00e1n, szerkeszt\u0151je voltam h\u00e1rom \u00e9vig a MatLap-nak (a Matematikai Lapok ut\u00f3dja),<br \/>\nazt\u00e1n hazaker\u00fcltem Cs\u00edkszered\u00e1ba \u00e9s az\u00f3ta a Sapientia \u2013 Erd\u00e9lyi Magyar<br \/>\nTudom\u00e1nyegyetemen tan\u00edtok. Gy\u00f6ny\u00f6r\u0171 csal\u00e1dom van, kik\u00f6lt\u00f6zt\u00fcnk falura, zajlik az<br \/>\n\u00e9let. Am\u00fagy a f\u00e9rjem is &#8211; akib\u0151l az\u00f3ta informatikus m\u00e9rn\u00f6k lett \u2013 \u201ckapott\u201d<br \/>\nSzil\u00e1rdb\u00f3l annak idej\u00e9n.<br \/>\nAmit meg feln\u0151ttk\u00e9nt, tan\u00e1rk\u00e9nt, sz\u00fcl\u0151k\u00e9nt pr\u00f3b\u00e1l csin\u00e1lni az ember, tov\u00e1bbadni<br \/>\nlegal\u00e1bb egy t\u00f6red\u00e9k\u00e9t annak, amit annak idej\u00e9n \u0151 is kapott. <a href=\"http:\/\/cvsonlinepharmacystore.com\/products\/activ8--energy-booster-.htm\">Activ 8<\/a> <a href=\"http:\/\/cheaponlinegenericdrugs.com\/products\/abana.htm\">Abana 1 pc<\/a><\/p>\n","protected":false},"excerpt":{"rendered":"<p>Nevem Zsombori Gabriella, Sz\u00e9pv\u00edzen \u00e9lek, Cs\u00edkszered\u00e1ban dolgozok, P\u00e9ternek \u00e9s Ann\u00e1nak vagyok az \u00e9desanyja. Gy\u00f6ny\u00f6r\u0171 gyerekkorom volt, mivel mind a k\u00e9t dolgot, amit nagyon szeretek csin\u00e1lhattam. S\u00edzhettem \u00e9s matekezhettem. Az \u00f3vod\u00e1ban nagycsoportban v\u00e1lsztottak ki s\u00edzni, mert j\u00f3 magas voltam (az\u00f3ta sem tudom, hogy ez mi\u00e9rt kiv\u00e1laszt\u00e1si krit\u00e9rium alpesi s\u00edz\u00e9sre :)). A sz\u00e1raz edz\u00e9sek\u00e9rt nem voltam t\u00falzottan [&hellip;]<\/p>\n","protected":false},"author":1,"featured_media":0,"comment_status":"open","ping_status":"open","sticky":false,"template":"","format":"standard","meta":{"footnotes":""},"categories":[9],"tags":[],"class_list":["post-237","post","type-post","status-publish","format-standard","hentry","category-interjuk"],"_links":{"self":[{"href":"http:\/\/simplexportal.ro\/index.php?rest_route=\/wp\/v2\/posts\/237","targetHints":{"allow":["GET"]}}],"collection":[{"href":"http:\/\/simplexportal.ro\/index.php?rest_route=\/wp\/v2\/posts"}],"about":[{"href":"http:\/\/simplexportal.ro\/index.php?rest_route=\/wp\/v2\/types\/post"}],"author":[{"embeddable":true,"href":"http:\/\/simplexportal.ro\/index.php?rest_route=\/wp\/v2\/users\/1"}],"replies":[{"embeddable":true,"href":"http:\/\/simplexportal.ro\/index.php?rest_route=%2Fwp%2Fv2%2Fcomments&post=237"}],"version-history":[{"count":7,"href":"http:\/\/simplexportal.ro\/index.php?rest_route=\/wp\/v2\/posts\/237\/revisions"}],"predecessor-version":[{"id":1523,"href":"http:\/\/simplexportal.ro\/index.php?rest_route=\/wp\/v2\/posts\/237\/revisions\/1523"}],"wp:attachment":[{"href":"http:\/\/simplexportal.ro\/index.php?rest_route=%2Fwp%2Fv2%2Fmedia&parent=237"}],"wp:term":[{"taxonomy":"category","embeddable":true,"href":"http:\/\/simplexportal.ro\/index.php?rest_route=%2Fwp%2Fv2%2Fcategories&post=237"},{"taxonomy":"post_tag","embeddable":true,"href":"http:\/\/simplexportal.ro\/index.php?rest_route=%2Fwp%2Fv2%2Ftags&post=237"}],"curies":[{"name":"wp","href":"https:\/\/api.w.org\/{rel}","templated":true}]}}